{"id":246612,"date":"2022-08-03T21:24:22","date_gmt":"2022-08-03T18:24:22","guid":{"rendered":"http:\/\/107.6.182.27\/es\/?p=246612"},"modified":"2023-01-10T15:55:19","modified_gmt":"2023-01-10T13:55:19","slug":"un-corresponsal-de-rt-resulta-herido-en-ucrania","status":"publish","type":"post","link":"https:\/\/archive.sana.sy\/es\/?p=246612","title":{"rendered":"Un corresponsal de RT resulta herido en Ucrania"},"content":{"rendered":"<p style=\"text-align: justify;\"><span style=\"color: #800000;\"><strong>Mosc\u00fa, 3 ago (SANA)<\/strong>\u00a0 \u00a0<\/span>El corresponsal de RT Andr\u00e9i Fil\u00e1tov result\u00f3 herido en una pierna por un fragmento de metralla mientras estaba cubriendo los combates en Ucrania.<\/p>\n<p style=\"text-align: justify;\">Seg\u00fan inform\u00f3 el canal, el periodista se encontraba en las inmediaciones de la ciudad de Avd\u00e9yevka, en la regi\u00f3n de Donetsk, junto con militares de la Rep\u00fablica Popular de Donetsk que simulaban un ataque desde una direcci\u00f3n diferente, en un intento de distraer al enemigo, cuando result\u00f3 herido.<\/p>\n<p style=\"text-align: justify;\">fm\/sm<\/p>\n","protected":false},"excerpt":{"rendered":"<p>Mosc\u00fa, 3 ago (SANA)\u00a0 \u00a0El corresponsal de RT Andr\u00e9i Fil\u00e1tov result\u00f3 herido en una pierna por un fragmento de metralla mientras estaba cubriendo los combates en Ucrania. Seg\u00fan inform\u00f3 el canal, el periodista se encontraba en las inmediaciones de la ciudad de Avd\u00e9yevka, en la regi\u00f3n de Donetsk, junto con militares de la Rep\u00fablica Popular &hellip;<\/p>\n","protected":false},"author":39,"featured_media":246615,"comment_status":"closed","ping_status":"closed","sticky":false,"template":"","format":"standard","meta":{"footnotes":""},"categories":[597,456,20724],"tags":[],"class_list":["post-246612","post","type-post","status-publish","format-standard","has-post-thumbnail","","category-cinta-de-noticias","category-arabe-internacional-politica","category-minuto-a-minuto"],"_links":{"self":[{"href":"https:\/\/archive.sana.sy\/es\/index.php?rest_route=\/wp\/v2\/posts\/246612"}],"collection":[{"href":"https:\/\/archive.sana.sy\/es\/index.php?rest_route=\/wp\/v2\/posts"}],"about":[{"href":"https:\/\/archive.sana.sy\/es\/index.php?rest_route=\/wp\/v2\/types\/post"}],"author":[{"embeddable":true,"href":"https:\/\/archive.sana.sy\/es\/index.php?rest_route=\/wp\/v2\/users\/39"}],"replies":[{"embeddable":true,"href":"https:\/\/archive.sana.sy\/es\/index.php?rest_route=%2Fwp%2Fv2%2Fcomments&post=246612"}],"version-history":[{"count":0,"href":"https:\/\/archive.sana.sy\/es\/index.php?rest_route=\/wp\/v2\/posts\/246612\/revisions"}],"wp:featuredmedia":[{"embeddable":true,"href":"https:\/\/archive.sana.sy\/es\/index.php?rest_route=\/wp\/v2\/media\/246615"}],"wp:attachment":[{"href":"https:\/\/archive.sana.sy\/es\/index.php?rest_route=%2Fwp%2Fv2%2Fmedia&parent=246612"}],"wp:term":[{"taxonomy":"category","embeddable":true,"href":"https:\/\/archive.sana.sy\/es\/index.php?rest_route=%2Fwp%2Fv2%2Fcategories&post=246612"},{"taxonomy":"post_tag","embeddable":true,"href":"https:\/\/archive.sana.sy\/es\/index.php?rest_route=%2Fwp%2Fv2%2Ftags&post=246612"}],"curies":[{"name":"wp","href":"https:\/\/api.w.org\/{rel}","templated":true}]}}