{"id":246617,"date":"2022-08-03T21:28:57","date_gmt":"2022-08-03T18:28:57","guid":{"rendered":"http:\/\/107.6.182.27\/es\/?p=246617"},"modified":"2023-01-10T15:55:19","modified_gmt":"2023-01-10T13:55:19","slug":"hay-una-profunda-desconfianza-entre-la-casa-blanca-y-zelenski-dice-el-nyt","status":"publish","type":"post","link":"https:\/\/archive.sana.sy\/es\/?p=246617","title":{"rendered":"&#8220;Hay una profunda desconfianza entre la Casa Blanca y Zelenski&#8221;, dice el NYT"},"content":{"rendered":"<p style=\"text-align: justify;\"><strong><span style=\"color: #800000;\">Nueva York, 3 ago (SANA)<\/span><\/strong>\u00a0 El columnista de The New York Times, Thomas L. Friedman, sostuvo que entre la Administraci\u00f3n de Joe Biden y el mandatario de Ucrania, Vlad\u00edmir Zelenski, se instaur\u00f3 &#8220;una profunda desconfianza&#8221;.<\/p>\n<p style=\"text-align: justify;\">En su art\u00edculo citado por la cadena RT, Friedman afirma que &#8220;en privado, los funcionarios estadounidenses est\u00e1n mucho m\u00e1s preocupados sobre el liderazgo de Ucrania de lo que est\u00e1n dejando entrever&#8221;.<\/p>\n<p style=\"text-align: justify;\">&#8220;Hay una profunda desconfianza entre la Casa Blanca y el presidente de Ucrania Vlad\u00edmir Zelenski, considerablemente mayor de la que se ha informado&#8221;, se\u00f1ala.<\/p>\n<p style=\"text-align: justify;\">Friedman tambi\u00e9n se hizo eco del reciente despido, a mediados de julio, de la fiscal general del pa\u00eds, Irina Vened\u00edktova, y del jefe del Servicio de Seguridad (SBU), Iv\u00e1n Bak\u00e1nov, por el presidente ucraniano, calific\u00e1ndolo como &#8220;el reajuste m\u00e1s significativo&#8221; en el Gobierno de Zelenski desde el inicio de los combates en febrero, y sosteniendo que &#8220;en Kiev est\u00e1n pasando cosas raras&#8221;.<\/p>\n<p>&nbsp;<\/p>\n<p>fm\/mm<\/p>\n","protected":false},"excerpt":{"rendered":"<p>Nueva York, 3 ago (SANA)\u00a0 El columnista de The New York Times, Thomas L. Friedman, sostuvo que entre la Administraci\u00f3n de Joe Biden y el mandatario de Ucrania, Vlad\u00edmir Zelenski, se instaur\u00f3 &#8220;una profunda desconfianza&#8221;. En su art\u00edculo citado por la cadena RT, Friedman afirma que &#8220;en privado, los funcionarios estadounidenses est\u00e1n mucho m\u00e1s preocupados &hellip;<\/p>\n","protected":false},"author":36,"featured_media":246619,"comment_status":"closed","ping_status":"closed","sticky":false,"template":"","format":"standard","meta":{"footnotes":""},"categories":[597,456,20724,457],"tags":[],"class_list":["post-246617","post","type-post","status-publish","format-standard","has-post-thumbnail","","category-cinta-de-noticias","category-arabe-internacional-politica","category-minuto-a-minuto","category-noticias-arabe-internacional-politica"],"_links":{"self":[{"href":"https:\/\/archive.sana.sy\/es\/index.php?rest_route=\/wp\/v2\/posts\/246617"}],"collection":[{"href":"https:\/\/archive.sana.sy\/es\/index.php?rest_route=\/wp\/v2\/posts"}],"about":[{"href":"https:\/\/archive.sana.sy\/es\/index.php?rest_route=\/wp\/v2\/types\/post"}],"author":[{"embeddable":true,"href":"https:\/\/archive.sana.sy\/es\/index.php?rest_route=\/wp\/v2\/users\/36"}],"replies":[{"embeddable":true,"href":"https:\/\/archive.sana.sy\/es\/index.php?rest_route=%2Fwp%2Fv2%2Fcomments&post=246617"}],"version-history":[{"count":0,"href":"https:\/\/archive.sana.sy\/es\/index.php?rest_route=\/wp\/v2\/posts\/246617\/revisions"}],"wp:featuredmedia":[{"embeddable":true,"href":"https:\/\/archive.sana.sy\/es\/index.php?rest_route=\/wp\/v2\/media\/246619"}],"wp:attachment":[{"href":"https:\/\/archive.sana.sy\/es\/index.php?rest_route=%2Fwp%2Fv2%2Fmedia&parent=246617"}],"wp:term":[{"taxonomy":"category","embeddable":true,"href":"https:\/\/archive.sana.sy\/es\/index.php?rest_route=%2Fwp%2Fv2%2Fcategories&post=246617"},{"taxonomy":"post_tag","embeddable":true,"href":"https:\/\/archive.sana.sy\/es\/index.php?rest_route=%2Fwp%2Fv2%2Ftags&post=246617"}],"curies":[{"name":"wp","href":"https:\/\/api.w.org\/{rel}","templated":true}]}}