{"id":247035,"date":"2022-08-06T16:09:55","date_gmt":"2022-08-06T13:09:55","guid":{"rendered":"http:\/\/107.6.182.27\/es\/?p=247035"},"modified":"2022-08-06T16:09:55","modified_gmt":"2022-08-06T13:09:55","slug":"siria-israel-comete-crimenes-de-guerra-y-de-lesa-humanidad-y-debe-rendir-cuentas","status":"publish","type":"post","link":"https:\/\/archive.sana.sy\/es\/?p=247035","title":{"rendered":"Siria: \u201cIsrael\u201d comete cr\u00edmenes de guerra y de lesa humanidad y debe rendir cuentas"},"content":{"rendered":"<p style=\"text-align: justify;\"><span style=\"color: #800000;\"><strong>Damasco, 06 ago (SANA)\u00a0 \u00a0<\/strong><\/span>El Ministerio de Asuntos Exteriores y Expatriados conden\u00f3 hoy en los t\u00e9rminos m\u00e1s en\u00e9rgicos la escalada agresiva de Israel contra la Franja de Gaza y calific\u00f3 sus bombardeos de cr\u00edmenes de guerra y de lesa humanidad.<\/p>\n<p style=\"text-align: justify;\">\u201cLa continuaci\u00f3n de los actos criminales, terroristas y agresivos de \u201cIsrael\u201d contra los civiles inocentes en la Palestina ocupada, especialmente en la Franja de Gaza, demuestra una vez m\u00e1s que \u201cIsrael\u201d es una entidad ocupante, racista y brutal\u201d, afirm\u00f3 Canciller\u00eda por medio de un comunicado.<\/p>\n<p style=\"text-align: justify;\">Agreg\u00f3 que las autoridades israel\u00edes cometen cr\u00edmenes y ejercen el terrorismo contra los palestinos que son los due\u00f1os de la tierra y poseen todos el derecho de vivir en seguridad, paz y dignidad.<\/p>\n<p style=\"text-align: justify;\">Ratific\u00f3 el continuo apoyo de Siria a los \u201chermanos palestinos\u201d que defienden su derecho a la vida y la libertad, y llam\u00f3 a todos los palestinos a unirse para enfrentar estos ataques israel\u00edes.<\/p>\n<p style=\"text-align: justify;\">La falta de inter\u00e9s de la comunidad internacional en evitar el derramamiento de la sangre de los palestinos de ni\u00f1os, mujeres y ancianos, refleja la complicidad con la agresi\u00f3n y el desprecio a todos los valores del Derecho Internacional y la Carta de las Naciones Unidas, indic\u00f3 el texto.<\/p>\n<p style=\"text-align: justify;\">El comunicado responsabiliza a \u201cIsrael\u201d por esta peligrosa escalada y exige que los funcionarios israel\u00edes rindan cuentas por haber cometido cr\u00edmenes de guerra y de lesa humanidad.<\/p>\n<p style=\"text-align: justify;\">fm\/sm<\/p>\n","protected":false},"excerpt":{"rendered":"<p>Damasco, 06 ago (SANA)\u00a0 \u00a0El Ministerio de Asuntos Exteriores y Expatriados conden\u00f3 hoy en los t\u00e9rminos m\u00e1s en\u00e9rgicos la escalada agresiva de Israel contra la Franja de Gaza y calific\u00f3 sus bombardeos de cr\u00edmenes de guerra y de lesa humanidad. \u201cLa continuaci\u00f3n de los actos criminales, terroristas y agresivos de \u201cIsrael\u201d contra los civiles inocentes &hellip;<\/p>\n","protected":false},"author":39,"featured_media":247036,"comment_status":"closed","ping_status":"closed","sticky":false,"template":"","format":"standard","meta":{"footnotes":""},"categories":[597,467,583],"tags":[],"class_list":["post-247035","post","type-post","status-publish","format-standard","has-post-thumbnail","","category-cinta-de-noticias","category-siria-y-el-mundo","category-slide"],"_links":{"self":[{"href":"https:\/\/archive.sana.sy\/es\/index.php?rest_route=\/wp\/v2\/posts\/247035"}],"collection":[{"href":"https:\/\/archive.sana.sy\/es\/index.php?rest_route=\/wp\/v2\/posts"}],"about":[{"href":"https:\/\/archive.sana.sy\/es\/index.php?rest_route=\/wp\/v2\/types\/post"}],"author":[{"embeddable":true,"href":"https:\/\/archive.sana.sy\/es\/index.php?rest_route=\/wp\/v2\/users\/39"}],"replies":[{"embeddable":true,"href":"https:\/\/archive.sana.sy\/es\/index.php?rest_route=%2Fwp%2Fv2%2Fcomments&post=247035"}],"version-history":[{"count":0,"href":"https:\/\/archive.sana.sy\/es\/index.php?rest_route=\/wp\/v2\/posts\/247035\/revisions"}],"wp:featuredmedia":[{"embeddable":true,"href":"https:\/\/archive.sana.sy\/es\/index.php?rest_route=\/wp\/v2\/media\/247036"}],"wp:attachment":[{"href":"https:\/\/archive.sana.sy\/es\/index.php?rest_route=%2Fwp%2Fv2%2Fmedia&parent=247035"}],"wp:term":[{"taxonomy":"category","embeddable":true,"href":"https:\/\/archive.sana.sy\/es\/index.php?rest_route=%2Fwp%2Fv2%2Fcategories&post=247035"},{"taxonomy":"post_tag","embeddable":true,"href":"https:\/\/archive.sana.sy\/es\/index.php?rest_route=%2Fwp%2Fv2%2Ftags&post=247035"}],"curies":[{"name":"wp","href":"https:\/\/api.w.org\/{rel}","templated":true}]}}