{"id":247197,"date":"2022-08-08T05:42:13","date_gmt":"2022-08-08T02:42:13","guid":{"rendered":"http:\/\/107.6.182.27\/es\/?p=247197"},"modified":"2023-01-10T15:55:08","modified_gmt":"2023-01-10T13:55:08","slug":"partido-comunista-de-espana-condena-agresion-israeli-contra-franja-de-gaza","status":"publish","type":"post","link":"https:\/\/archive.sana.sy\/es\/?p=247197","title":{"rendered":"Partido Comunista de Espa\u00f1a condena agresi\u00f3n israel\u00ed contra Franja de Gaza"},"content":{"rendered":"<blockquote>\n<p style=\"text-align: justify;\"><strong><span style=\"color: #993300;\">El partido hizo un llamamiento al Gobierno espa\u00f1ol, a la Uni\u00f3n Europea ya la comunidad internacional para que asuman sus responsabilidades e impongan sanciones a Israel por cometer cr\u00edmenes de lesa humanidad contra el pueblo palestino.<\/span><\/strong><\/p>\n<\/blockquote>\n<p style=\"text-align: justify;\"><span style=\"color: #800000;\"><strong>Madrid, 8 ago (SANA)\u00a0\u00a0<\/strong><\/span> El Partido Comunista de Espa\u00f1a conden\u00f3 las agresiones israel\u00edes contra el pueblo palestino en la Franja de Gaza.<\/p>\n<p style=\"text-align: justify;\">\u201cLa agresi\u00f3n lanzada por las fuerzas de ocupaci\u00f3n israel\u00edes en la Franja de Gaza es el resultado del fracaso de sus ataques contra los campos de refugiados en Jenin, Naplusa y Tulkarem, y la frustraci\u00f3n de sus planes all\u00ed, y se perpetra en el marco de la pr\u00f3xima campa\u00f1a electoral israel\u00ed, que siempre se basa en la sangre de los palestinos\u201d, asegur\u00f3 el partido en un comunicado.<\/p>\n<p style=\"text-align: justify;\">Manifest\u00f3 la &#8220;absoluta solidaridad con el pueblo palestino, especialmente en la Franja de Gaza, que sufre continuos ataques militares y un cerco criminal e inhumano desde hace m\u00e1s de 15 a\u00f1os&#8221;.<\/p>\n<p style=\"text-align: justify;\">El partido hizo un llamamiento al Gobierno espa\u00f1ol, a la Uni\u00f3n Europea ya la comunidad internacional para que asuman sus responsabilidades e impongan sanciones a Israel por cometer cr\u00edmenes de lesa humanidad contra el pueblo palestino.<\/p>\n<p style=\"text-align: justify;\">fm<\/p>\n<p style=\"text-align: justify;\">\n","protected":false},"excerpt":{"rendered":"<p>El partido hizo un llamamiento al Gobierno espa\u00f1ol, a la Uni\u00f3n Europea ya la comunidad internacional para que asuman sus responsabilidades e impongan sanciones a Israel por cometer cr\u00edmenes de lesa humanidad contra el pueblo palestino. Madrid, 8 ago (SANA)\u00a0\u00a0 El Partido Comunista de Espa\u00f1a conden\u00f3 las agresiones israel\u00edes contra el pueblo palestino en la &hellip;<\/p>\n","protected":false},"author":34,"featured_media":247198,"comment_status":"closed","ping_status":"closed","sticky":false,"template":"","format":"standard","meta":{"footnotes":""},"categories":[597,456,20724,7541],"tags":[],"class_list":["post-247197","post","type-post","status-publish","format-standard","has-post-thumbnail","","category-cinta-de-noticias","category-arabe-internacional-politica","category-minuto-a-minuto","category-ultimas-noticias"],"_links":{"self":[{"href":"https:\/\/archive.sana.sy\/es\/index.php?rest_route=\/wp\/v2\/posts\/247197"}],"collection":[{"href":"https:\/\/archive.sana.sy\/es\/index.php?rest_route=\/wp\/v2\/posts"}],"about":[{"href":"https:\/\/archive.sana.sy\/es\/index.php?rest_route=\/wp\/v2\/types\/post"}],"author":[{"embeddable":true,"href":"https:\/\/archive.sana.sy\/es\/index.php?rest_route=\/wp\/v2\/users\/34"}],"replies":[{"embeddable":true,"href":"https:\/\/archive.sana.sy\/es\/index.php?rest_route=%2Fwp%2Fv2%2Fcomments&post=247197"}],"version-history":[{"count":0,"href":"https:\/\/archive.sana.sy\/es\/index.php?rest_route=\/wp\/v2\/posts\/247197\/revisions"}],"wp:featuredmedia":[{"embeddable":true,"href":"https:\/\/archive.sana.sy\/es\/index.php?rest_route=\/wp\/v2\/media\/247198"}],"wp:attachment":[{"href":"https:\/\/archive.sana.sy\/es\/index.php?rest_route=%2Fwp%2Fv2%2Fmedia&parent=247197"}],"wp:term":[{"taxonomy":"category","embeddable":true,"href":"https:\/\/archive.sana.sy\/es\/index.php?rest_route=%2Fwp%2Fv2%2Fcategories&post=247197"},{"taxonomy":"post_tag","embeddable":true,"href":"https:\/\/archive.sana.sy\/es\/index.php?rest_route=%2Fwp%2Fv2%2Ftags&post=247197"}],"curies":[{"name":"wp","href":"https:\/\/api.w.org\/{rel}","templated":true}]}}