{"id":247206,"date":"2022-08-08T07:20:20","date_gmt":"2022-08-08T04:20:20","guid":{"rendered":"http:\/\/107.6.182.27\/es\/?p=247206"},"modified":"2023-01-10T15:55:08","modified_gmt":"2023-01-10T13:55:08","slug":"recogen-evidencias-de-los-atroces-crimenes-del-batallon-ultranacionalista-ucraniano-azov","status":"publish","type":"post","link":"https:\/\/archive.sana.sy\/es\/?p=247206","title":{"rendered":"Recogen evidencias de los atroces cr\u00edmenes del batall\u00f3n ultranacionalista ucraniano Azov"},"content":{"rendered":"<blockquote>\n<p style=\"text-align: justify;\"><strong><span style=\"color: #993300;\">&#8220;Los cr\u00edmenes perpetrados por los integrantes de Azov podr\u00edan compararse por su crueldad con los actos de los invasores fascistas alemanes y sus c\u00f3mplices en los a\u00f1os de la Segunda Guerra Mundial. Establecimos hechos que evidencian que los miembros de Azov se basaban en la ideolog\u00eda del fascismo, incluidos sus s\u00edmbolos y consignas&#8221;<\/span><\/strong><\/p>\n<\/blockquote>\n<p style=\"text-align: justify;\"><span style=\"color: #800000;\"><strong>Mosc\u00fa, 8 ago (SANA)<\/strong><\/span> La Fiscal\u00eda General de Rusia asegur\u00f3 que recogi\u00f3 evidencias de los atroces cr\u00edmenes del batall\u00f3n nacionalista ucraniano Azov contra la poblaci\u00f3n civil en Donetsk y Lugansk, divulg\u00f3 hoy la agencia Sputnik.<\/p>\n<p style=\"text-align: justify;\">&#8220;En el proceso participaron defensores de derechos, periodistas y activistas que durante a\u00f1os segu\u00edan la actividad de Azov. Ellos presentaron v\u00eddeos y audios, incluidos declaraciones de los testigos, que evidencian las torturas y los asesinatos de civiles, entre ellos ni\u00f1os&#8221;, dijo el fiscal general \u00cdgor Krasnov.<\/p>\n<p style=\"text-align: justify;\">Krasnov indic\u00f3 que se hallaron evidencias de los ataques premeditados del sanguinario batall\u00f3n contra las instalaciones civiles y la colocaci\u00f3n de artefactos explosivos en lugares concurridos.<\/p>\n<p style=\"text-align: justify;\">Los investigadores, consign\u00f3 el fiscal, &#8220;llegaron a la conclusi\u00f3n inequ\u00edvoca que Azov actuaba como una formaci\u00f3n basada en la ideolog\u00eda nazi&#8221;.<\/p>\n<p style=\"text-align: justify;\">&#8220;Los cr\u00edmenes perpetrados por los integrantes de Azov podr\u00edan compararse por su crueldad con los actos de los invasores fascistas alemanes y sus c\u00f3mplices en los a\u00f1os de la Segunda Guerra Mundial. Establecimos hechos que evidencian que los miembros de Azov se basaban en la ideolog\u00eda del fascismo, incluidos sus s\u00edmbolos y consignas&#8221;, remarc\u00f3.<\/p>\n<p style=\"text-align: justify;\">fm<\/p>\n","protected":false},"excerpt":{"rendered":"<p>&#8220;Los cr\u00edmenes perpetrados por los integrantes de Azov podr\u00edan compararse por su crueldad con los actos de los invasores fascistas alemanes y sus c\u00f3mplices en los a\u00f1os de la Segunda Guerra Mundial. Establecimos hechos que evidencian que los miembros de Azov se basaban en la ideolog\u00eda del fascismo, incluidos sus s\u00edmbolos y consignas&#8221; Mosc\u00fa, 8 &hellip;<\/p>\n","protected":false},"author":34,"featured_media":247208,"comment_status":"closed","ping_status":"closed","sticky":false,"template":"","format":"standard","meta":{"footnotes":""},"categories":[597,456,20724,7541,1],"tags":[],"class_list":["post-247206","post","type-post","status-publish","format-standard","has-post-thumbnail","","category-cinta-de-noticias","category-arabe-internacional-politica","category-minuto-a-minuto","category-ultimas-noticias","category-news-not-sorted"],"_links":{"self":[{"href":"https:\/\/archive.sana.sy\/es\/index.php?rest_route=\/wp\/v2\/posts\/247206"}],"collection":[{"href":"https:\/\/archive.sana.sy\/es\/index.php?rest_route=\/wp\/v2\/posts"}],"about":[{"href":"https:\/\/archive.sana.sy\/es\/index.php?rest_route=\/wp\/v2\/types\/post"}],"author":[{"embeddable":true,"href":"https:\/\/archive.sana.sy\/es\/index.php?rest_route=\/wp\/v2\/users\/34"}],"replies":[{"embeddable":true,"href":"https:\/\/archive.sana.sy\/es\/index.php?rest_route=%2Fwp%2Fv2%2Fcomments&post=247206"}],"version-history":[{"count":0,"href":"https:\/\/archive.sana.sy\/es\/index.php?rest_route=\/wp\/v2\/posts\/247206\/revisions"}],"wp:featuredmedia":[{"embeddable":true,"href":"https:\/\/archive.sana.sy\/es\/index.php?rest_route=\/wp\/v2\/media\/247208"}],"wp:attachment":[{"href":"https:\/\/archive.sana.sy\/es\/index.php?rest_route=%2Fwp%2Fv2%2Fmedia&parent=247206"}],"wp:term":[{"taxonomy":"category","embeddable":true,"href":"https:\/\/archive.sana.sy\/es\/index.php?rest_route=%2Fwp%2Fv2%2Fcategories&post=247206"},{"taxonomy":"post_tag","embeddable":true,"href":"https:\/\/archive.sana.sy\/es\/index.php?rest_route=%2Fwp%2Fv2%2Ftags&post=247206"}],"curies":[{"name":"wp","href":"https:\/\/api.w.org\/{rel}","templated":true}]}}