{"id":247216,"date":"2022-08-08T09:55:24","date_gmt":"2022-08-08T06:55:24","guid":{"rendered":"http:\/\/107.6.182.27\/es\/?p=247216"},"modified":"2023-01-10T15:55:07","modified_gmt":"2023-01-10T13:55:07","slug":"cuba-se-enfrenta-al-incendio-mas-devastador-de-su-historia","status":"publish","type":"post","link":"https:\/\/archive.sana.sy\/es\/?p=247216","title":{"rendered":"Cuba se enfrenta al incendio m\u00e1s devastador de su historia"},"content":{"rendered":"<blockquote>\n<p style=\"text-align: justify;\"><span style=\"color: #ff0000;\"><strong>Las autoridades han evacuado a m\u00e1s de cuatro mil personas ante el peligro, mientras asciende a 122 el n\u00famero de lesionados y se reportan un fallecido y 16 desaparecidos.<\/strong><\/span><\/p>\n<\/blockquote>\n<p style=\"text-align: justify;\"><span style=\"color: #800000;\"><strong>La Habana, 8 ago (SANA)<\/strong> \u00a0<\/span>Cuba se enfrenta hoy a un desastre industrial sin precedentes por un incendio en la zona de supertanqueros de Matanzas, provocado por el impacto de un rayo en uno de los reservorios de combustible, inform\u00f3 la agencia Prensa Latina.<\/p>\n<p style=\"text-align: justify;\">Fuerzas especializadas de la isla, en coordinaci\u00f3n con similares de M\u00e9xico y Venezuela, laboran ininterrumpidamente para sofocar el fuego, que se extendi\u00f3 a un segundo tanque provocando una fuerte explosi\u00f3n y amenaza con extenderse a otras zonas.<\/p>\n<p style=\"text-align: justify;\">Las autoridades han evacuado a m\u00e1s de cuatro mil personas ante el peligro, mientras asciende a 122 el n\u00famero de lesionados y se reportan un fallecido y 16 desaparecidos.<\/p>\n<p style=\"text-align: justify;\">La situaci\u00f3n es compleja y la estrategia de enfrentamiento se enfoca en enfriar la zona para poder aplicar espuma y otros productos qu\u00edmicos que crear\u00edan una capa para finalmente sofocar las llamas.<\/p>\n<p style=\"text-align: justify;\">El presidente de Cuba, Miguel D\u00edaz-Canel, y otras autoridades pol\u00edticas y gubernamentales coordinan junto al gobierno local las acciones de enfrentamiento al siniestro.<\/p>\n<p style=\"text-align: justify;\">M\u00e1s de 30 horas lleva ardiendo el segundo tanque de combustible en la Base de Supertanqueros de esta occidental ciudad cubana, donde hoy se constatan fuertes llamaradas que incrementan el peligro de extensi\u00f3n del incendio.<\/p>\n<p style=\"text-align: justify;\"><strong>ws\/fm<\/strong><\/p>\n","protected":false},"excerpt":{"rendered":"<p>Las autoridades han evacuado a m\u00e1s de cuatro mil personas ante el peligro, mientras asciende a 122 el n\u00famero de lesionados y se reportan un fallecido y 16 desaparecidos. La Habana, 8 ago (SANA) \u00a0Cuba se enfrenta hoy a un desastre industrial sin precedentes por un incendio en la zona de supertanqueros de Matanzas, provocado &hellip;<\/p>\n","protected":false},"author":35,"featured_media":247217,"comment_status":"closed","ping_status":"closed","sticky":false,"template":"","format":"standard","meta":{"footnotes":""},"categories":[597,456,20724,7541],"tags":[],"class_list":["post-247216","post","type-post","status-publish","format-standard","has-post-thumbnail","","category-cinta-de-noticias","category-arabe-internacional-politica","category-minuto-a-minuto","category-ultimas-noticias"],"_links":{"self":[{"href":"https:\/\/archive.sana.sy\/es\/index.php?rest_route=\/wp\/v2\/posts\/247216"}],"collection":[{"href":"https:\/\/archive.sana.sy\/es\/index.php?rest_route=\/wp\/v2\/posts"}],"about":[{"href":"https:\/\/archive.sana.sy\/es\/index.php?rest_route=\/wp\/v2\/types\/post"}],"author":[{"embeddable":true,"href":"https:\/\/archive.sana.sy\/es\/index.php?rest_route=\/wp\/v2\/users\/35"}],"replies":[{"embeddable":true,"href":"https:\/\/archive.sana.sy\/es\/index.php?rest_route=%2Fwp%2Fv2%2Fcomments&post=247216"}],"version-history":[{"count":0,"href":"https:\/\/archive.sana.sy\/es\/index.php?rest_route=\/wp\/v2\/posts\/247216\/revisions"}],"wp:featuredmedia":[{"embeddable":true,"href":"https:\/\/archive.sana.sy\/es\/index.php?rest_route=\/wp\/v2\/media\/247217"}],"wp:attachment":[{"href":"https:\/\/archive.sana.sy\/es\/index.php?rest_route=%2Fwp%2Fv2%2Fmedia&parent=247216"}],"wp:term":[{"taxonomy":"category","embeddable":true,"href":"https:\/\/archive.sana.sy\/es\/index.php?rest_route=%2Fwp%2Fv2%2Fcategories&post=247216"},{"taxonomy":"post_tag","embeddable":true,"href":"https:\/\/archive.sana.sy\/es\/index.php?rest_route=%2Fwp%2Fv2%2Ftags&post=247216"}],"curies":[{"name":"wp","href":"https:\/\/api.w.org\/{rel}","templated":true}]}}