{"id":247219,"date":"2022-08-08T10:31:29","date_gmt":"2022-08-08T07:31:29","guid":{"rendered":"http:\/\/107.6.182.27\/es\/?p=247219"},"modified":"2023-01-10T15:55:07","modified_gmt":"2023-01-10T13:55:07","slug":"cuba-condena-agresion-israeli-contra-gaza","status":"publish","type":"post","link":"https:\/\/archive.sana.sy\/es\/?p=247219","title":{"rendered":"Cuba condena agresi\u00f3n israel\u00ed contra Gaza"},"content":{"rendered":"<p style=\"text-align: justify;\"><span style=\"color: #800000;\"><strong>La Habana, 8 ago (SANA)<\/strong>\u00a0 <\/span>Cuba conden\u00f3 en\u00e9rgicamente la agresi\u00f3n israel\u00ed contra la Franja de Gaza, que caus\u00f3 decenas de muertos y heridos.<\/p>\n<p style=\"text-align: justify;\">El canciller cubano, Bruno Rodr\u00edguez, escribi\u00f3 en su cuenta de Twitter que su pa\u00eds \u201ccondena en los t\u00e9rminos m\u00e1s en\u00e9rgicos la nueva operaci\u00f3n militar israel\u00ed contra la Franja de Gaza, que provoc\u00f3 la muerte de civiles inocentes\u201d.<\/p>\n<p style=\"text-align: justify;\">Rodr\u00edguez subray\u00f3 que &#8220;esta agresi\u00f3n criminal constituye una amenaza para la estabilidad y la paz en Oriente Medio&#8221;.<\/p>\n<p style=\"text-align: justify;\"><strong>fm\/ws<\/strong><\/p>\n","protected":false},"excerpt":{"rendered":"<p>La Habana, 8 ago (SANA)\u00a0 Cuba conden\u00f3 en\u00e9rgicamente la agresi\u00f3n israel\u00ed contra la Franja de Gaza, que caus\u00f3 decenas de muertos y heridos. El canciller cubano, Bruno Rodr\u00edguez, escribi\u00f3 en su cuenta de Twitter que su pa\u00eds \u201ccondena en los t\u00e9rminos m\u00e1s en\u00e9rgicos la nueva operaci\u00f3n militar israel\u00ed contra la Franja de Gaza, que provoc\u00f3 &hellip;<\/p>\n","protected":false},"author":35,"featured_media":247220,"comment_status":"closed","ping_status":"closed","sticky":false,"template":"","format":"standard","meta":{"footnotes":""},"categories":[597,456,20724,7541],"tags":[],"class_list":["post-247219","post","type-post","status-publish","format-standard","has-post-thumbnail","","category-cinta-de-noticias","category-arabe-internacional-politica","category-minuto-a-minuto","category-ultimas-noticias"],"_links":{"self":[{"href":"https:\/\/archive.sana.sy\/es\/index.php?rest_route=\/wp\/v2\/posts\/247219"}],"collection":[{"href":"https:\/\/archive.sana.sy\/es\/index.php?rest_route=\/wp\/v2\/posts"}],"about":[{"href":"https:\/\/archive.sana.sy\/es\/index.php?rest_route=\/wp\/v2\/types\/post"}],"author":[{"embeddable":true,"href":"https:\/\/archive.sana.sy\/es\/index.php?rest_route=\/wp\/v2\/users\/35"}],"replies":[{"embeddable":true,"href":"https:\/\/archive.sana.sy\/es\/index.php?rest_route=%2Fwp%2Fv2%2Fcomments&post=247219"}],"version-history":[{"count":0,"href":"https:\/\/archive.sana.sy\/es\/index.php?rest_route=\/wp\/v2\/posts\/247219\/revisions"}],"wp:featuredmedia":[{"embeddable":true,"href":"https:\/\/archive.sana.sy\/es\/index.php?rest_route=\/wp\/v2\/media\/247220"}],"wp:attachment":[{"href":"https:\/\/archive.sana.sy\/es\/index.php?rest_route=%2Fwp%2Fv2%2Fmedia&parent=247219"}],"wp:term":[{"taxonomy":"category","embeddable":true,"href":"https:\/\/archive.sana.sy\/es\/index.php?rest_route=%2Fwp%2Fv2%2Fcategories&post=247219"},{"taxonomy":"post_tag","embeddable":true,"href":"https:\/\/archive.sana.sy\/es\/index.php?rest_route=%2Fwp%2Fv2%2Ftags&post=247219"}],"curies":[{"name":"wp","href":"https:\/\/api.w.org\/{rel}","templated":true}]}}