{"id":247289,"date":"2022-08-08T19:23:28","date_gmt":"2022-08-08T16:23:28","guid":{"rendered":"http:\/\/107.6.182.27\/es\/?p=247289"},"modified":"2023-01-10T15:55:05","modified_gmt":"2023-01-10T13:55:05","slug":"kiev-toma-por-rehena-a-toda-europa-al-atacar-la-planta-nuclear-de-zaporiyia-denuncia-cancilleria-rusa","status":"publish","type":"post","link":"https:\/\/archive.sana.sy\/es\/?p=247289","title":{"rendered":"\u201cKiev toma por reh\u00e9na a toda Europa al atacar la planta nuclear de Zaporiyia\u201d, denuncia Canciller\u00eda rusa"},"content":{"rendered":"<p style=\"text-align: justify;\"><span style=\"color: #800000;\"><strong>Mosc\u00fa, 08 ago, SANA <\/strong><\/span>&#8220;El r\u00e9gimen ucraniano mantiene a toda Europa como reh\u00e9n al lanzar ataques militares contra la planta de energ\u00eda nuclear de Zaporiyia&#8221;, fustig\u00f3 el Ministerio de Exteriores de Rusia.<\/p>\n<p style=\"text-align: justify;\">\u201cLas fuerzas de Kiev al atacar con artiller\u00eda a los reactores operativos y al dep\u00f3sito de combustible nuclear en la planta de Zaporiyia, los ucranianos est\u00e1n atacando no solo a s\u00ed mismos sino a los pueblos de Rusia y Ucrania y tomando como rehenes a todas las poblaciones de Europa\u201d, cit\u00f3 la agencia Novosti a un comunicado de la Canciller\u00eda.<\/p>\n<p style=\"text-align: justify;\">\u201cRusia ha pedido durante mucho tiempo a la comunidad internacional a que condene en\u00e9rgicamente los ataques militares en curso del r\u00e9gimen de Kiev contra la planta de energ\u00eda nuclear de Zaporiyia\u201d, agreg\u00f3 el comunicado.<\/p>\n<p style=\"text-align: justify;\">La Canciller\u00eda rusa resalt\u00f3 que la situaci\u00f3n cada vez m\u00e1s peligrosa no pod\u00eda ignorarse, se\u00f1alando que env\u00eda regularmente informaci\u00f3n actualizada al Organismo Internacional de Energ\u00eda At\u00f3mica (OIEA).<\/p>\n<p style=\"text-align: justify;\"><em><strong>ah\/rsh<\/strong><\/em><\/p>\n","protected":false},"excerpt":{"rendered":"<p>Mosc\u00fa, 08 ago, SANA &#8220;El r\u00e9gimen ucraniano mantiene a toda Europa como reh\u00e9n al lanzar ataques militares contra la planta de energ\u00eda nuclear de Zaporiyia&#8221;, fustig\u00f3 el Ministerio de Exteriores de Rusia. \u201cLas fuerzas de Kiev al atacar con artiller\u00eda a los reactores operativos y al dep\u00f3sito de combustible nuclear en la planta de Zaporiyia, &hellip;<\/p>\n","protected":false},"author":30,"featured_media":247292,"comment_status":"closed","ping_status":"closed","sticky":false,"template":"","format":"standard","meta":{"footnotes":""},"categories":[597,456,20724],"tags":[],"class_list":["post-247289","post","type-post","status-publish","format-standard","has-post-thumbnail","","category-cinta-de-noticias","category-arabe-internacional-politica","category-minuto-a-minuto"],"_links":{"self":[{"href":"https:\/\/archive.sana.sy\/es\/index.php?rest_route=\/wp\/v2\/posts\/247289"}],"collection":[{"href":"https:\/\/archive.sana.sy\/es\/index.php?rest_route=\/wp\/v2\/posts"}],"about":[{"href":"https:\/\/archive.sana.sy\/es\/index.php?rest_route=\/wp\/v2\/types\/post"}],"author":[{"embeddable":true,"href":"https:\/\/archive.sana.sy\/es\/index.php?rest_route=\/wp\/v2\/users\/30"}],"replies":[{"embeddable":true,"href":"https:\/\/archive.sana.sy\/es\/index.php?rest_route=%2Fwp%2Fv2%2Fcomments&post=247289"}],"version-history":[{"count":0,"href":"https:\/\/archive.sana.sy\/es\/index.php?rest_route=\/wp\/v2\/posts\/247289\/revisions"}],"wp:featuredmedia":[{"embeddable":true,"href":"https:\/\/archive.sana.sy\/es\/index.php?rest_route=\/wp\/v2\/media\/247292"}],"wp:attachment":[{"href":"https:\/\/archive.sana.sy\/es\/index.php?rest_route=%2Fwp%2Fv2%2Fmedia&parent=247289"}],"wp:term":[{"taxonomy":"category","embeddable":true,"href":"https:\/\/archive.sana.sy\/es\/index.php?rest_route=%2Fwp%2Fv2%2Fcategories&post=247289"},{"taxonomy":"post_tag","embeddable":true,"href":"https:\/\/archive.sana.sy\/es\/index.php?rest_route=%2Fwp%2Fv2%2Ftags&post=247289"}],"curies":[{"name":"wp","href":"https:\/\/api.w.org\/{rel}","templated":true}]}}