{"id":247333,"date":"2022-08-09T09:45:22","date_gmt":"2022-08-09T06:45:22","guid":{"rendered":"http:\/\/107.6.182.27\/es\/?p=247333"},"modified":"2023-01-10T15:55:04","modified_gmt":"2023-01-10T13:55:04","slug":"critican-al-rey-de-espana-por-no-levantarse-ante-la-espada-de-bolivar-durante-la-asuncion-de-petro","status":"publish","type":"post","link":"https:\/\/archive.sana.sy\/es\/?p=247333","title":{"rendered":"Critican al rey de Espa\u00f1a por no levantarse ante la espada de Bol\u00edvar durante la asunci\u00f3n de Petro"},"content":{"rendered":"<blockquote>\n<p style=\"text-align: justify;\"><span style=\"color: #ff0000;\"><strong>Felipe VI fue el \u00fanico de los l\u00edderes extranjeros presentes en el acto que no se levant\u00f3 mientras se le rend\u00edan honores a la espada que utiliz\u00f3 Bol\u00edvar contra las tropas espa\u00f1olas durante la gesta independentista en los pa\u00edses bolivarianos, y que ahora constituye un s\u00edmbolo anticolonial y de unidad latinoamericana.<\/strong><\/span><\/p>\n<\/blockquote>\n<p style=\"text-align: justify;\"><span style=\"color: #800000;\"><strong>Caracas, 9 ago (SANA)\u00a0<\/strong> <\/span>El primer vicepresidente del Partido Socialista Unido de Venezuela (PSUV), Diosdado Cabello, critic\u00f3 al rey Felipe VI de Espa\u00f1a por no levantarse cuando se rend\u00edan honores a la espada del Libertador y pr\u00f3cer de la independencia suramericana, Sim\u00f3n Bol\u00edvar, durante la toma de posesi\u00f3n del presidente de Colombia, Gustavo Petro.<\/p>\n<p style=\"text-align: justify;\">&#8220;La verg\u00fcenza lo dej\u00f3 sentado, como siempre los dej\u00f3 el padre Bol\u00edvar&#8221;, dijo Cabello citado por RT.<\/p>\n<p style=\"text-align: justify;\">Agreg\u00f3 que el comportamiento del monarca espa\u00f1ol le ocasion\u00f3 &#8220;mucha pena&#8221; porque adem\u00e1s se mostr\u00f3 engre\u00eddo y con soberbia.<\/p>\n<p style=\"text-align: justify;\">Felipe VI fue el \u00fanico de los l\u00edderes extranjeros presentes en el acto que no se levant\u00f3 mientras se le rend\u00edan honores a la espada que utiliz\u00f3 Bol\u00edvar contra las tropas espa\u00f1olas durante la gesta independentista en los pa\u00edses bolivarianos, y que ahora constituye un s\u00edmbolo anticolonial y de unidad latinoamericana.<\/p>\n<p style=\"text-align: justify;\"><strong>fm\/ws<\/strong><\/p>\n","protected":false},"excerpt":{"rendered":"<p>Felipe VI fue el \u00fanico de los l\u00edderes extranjeros presentes en el acto que no se levant\u00f3 mientras se le rend\u00edan honores a la espada que utiliz\u00f3 Bol\u00edvar contra las tropas espa\u00f1olas durante la gesta independentista en los pa\u00edses bolivarianos, y que ahora constituye un s\u00edmbolo anticolonial y de unidad latinoamericana. Caracas, 9 ago (SANA)\u00a0 &hellip;<\/p>\n","protected":false},"author":35,"featured_media":247334,"comment_status":"closed","ping_status":"closed","sticky":false,"template":"","format":"standard","meta":{"footnotes":""},"categories":[597,456,20724,7541],"tags":[],"class_list":["post-247333","post","type-post","status-publish","format-standard","has-post-thumbnail","","category-cinta-de-noticias","category-arabe-internacional-politica","category-minuto-a-minuto","category-ultimas-noticias"],"_links":{"self":[{"href":"https:\/\/archive.sana.sy\/es\/index.php?rest_route=\/wp\/v2\/posts\/247333"}],"collection":[{"href":"https:\/\/archive.sana.sy\/es\/index.php?rest_route=\/wp\/v2\/posts"}],"about":[{"href":"https:\/\/archive.sana.sy\/es\/index.php?rest_route=\/wp\/v2\/types\/post"}],"author":[{"embeddable":true,"href":"https:\/\/archive.sana.sy\/es\/index.php?rest_route=\/wp\/v2\/users\/35"}],"replies":[{"embeddable":true,"href":"https:\/\/archive.sana.sy\/es\/index.php?rest_route=%2Fwp%2Fv2%2Fcomments&post=247333"}],"version-history":[{"count":0,"href":"https:\/\/archive.sana.sy\/es\/index.php?rest_route=\/wp\/v2\/posts\/247333\/revisions"}],"wp:featuredmedia":[{"embeddable":true,"href":"https:\/\/archive.sana.sy\/es\/index.php?rest_route=\/wp\/v2\/media\/247334"}],"wp:attachment":[{"href":"https:\/\/archive.sana.sy\/es\/index.php?rest_route=%2Fwp%2Fv2%2Fmedia&parent=247333"}],"wp:term":[{"taxonomy":"category","embeddable":true,"href":"https:\/\/archive.sana.sy\/es\/index.php?rest_route=%2Fwp%2Fv2%2Fcategories&post=247333"},{"taxonomy":"post_tag","embeddable":true,"href":"https:\/\/archive.sana.sy\/es\/index.php?rest_route=%2Fwp%2Fv2%2Ftags&post=247333"}],"curies":[{"name":"wp","href":"https:\/\/api.w.org\/{rel}","templated":true}]}}