{"id":247554,"date":"2022-08-10T21:54:22","date_gmt":"2022-08-10T18:54:22","guid":{"rendered":"http:\/\/107.6.182.27\/es\/?p=247554"},"modified":"2022-08-10T22:00:01","modified_gmt":"2022-08-10T19:00:01","slug":"ejercito-sirio-repele-ataque-de-un-grupo-de-25-terroristas-suicidas-de-nacionalidades-extranjeras","status":"publish","type":"post","link":"https:\/\/archive.sana.sy\/es\/?p=247554","title":{"rendered":"Ej\u00e9rcito sirio repele ataque de un grupo de 25 terroristas suicidas de nacionalidades extranjeras"},"content":{"rendered":"<blockquote><p><span style=\"color: #800000;\"><strong>La mayor\u00eda de los terroristas fueron eliminados o lesionados, y los uniformados sirios lograron retirar varios cuerpos, confiscar sus armas, desmantelar los cinturones explosivos que ten\u00edan preparados para su detonaci\u00f3n.<\/strong><\/span><\/p><\/blockquote>\n<p style=\"text-align: justify;\"><strong><span style=\"color: #800000;\">Idlib, 10 ago (SANA)<\/span> <\/strong>na unidad de las fuerzas armadas llev\u00f3 a cabo una operaci\u00f3n contra un grupo terrorista de diferentes nacionalidades que intent\u00f3 infiltrarse desde la zona de Neirab hacia la aldea de Jubas en el campo oriental de Idleb.<\/p>\n<p style=\"text-align: justify;\">Una fuente militar comunic\u00f3 a SANA que una \u201cunidad militar enfrent\u00f3 a un grupo de 25 terroristas suicidas de diferentes nacionalidades que intentaron infiltrarse desde la zona de Neirab hacia la aldea de Jubas en la zona rural oriental de Idlib con el objetivo de realizar operaciones terroristas contra la poblaci\u00f3n civil y nuestras fuerzas armadas que operan en la zona\u201d.<\/p>\n<p><img loading=\"lazy\" decoding=\"async\" class=\"size-full wp-image-247556 aligncenter\" src=\"http:\/\/107.6.182.27\/es\/wp-content\/uploads\/2022\/08\/1-47-229x300-1.jpg\" alt=\"\" width=\"229\" height=\"300\" srcset=\"https:\/\/archive.sana.sy\/es\/wp-content\/uploads\/2022\/08\/1-47-229x300-1.jpg 229w, https:\/\/archive.sana.sy\/es\/wp-content\/uploads\/2022\/08\/1-47-229x300-1-115x150.jpg 115w\" sizes=\"(max-width: 229px) 100vw, 229px\" \/><\/p>\n<p style=\"text-align: justify;\">La mayor\u00eda de los terroristas fueron eliminados o lesionados, y los uniformados sirios lograron retirar varios cuerpos, confiscar sus armas, desmantelar los cinturones explosivos que ten\u00edan preparados para su detonaci\u00f3n.<\/p>\n<p>mm\/fm<\/p>\n","protected":false},"excerpt":{"rendered":"<p>La mayor\u00eda de los terroristas fueron eliminados o lesionados, y los uniformados sirios lograron retirar varios cuerpos, confiscar sus armas, desmantelar los cinturones explosivos que ten\u00edan preparados para su detonaci\u00f3n. Idlib, 10 ago (SANA) na unidad de las fuerzas armadas llev\u00f3 a cabo una operaci\u00f3n contra un grupo terrorista de diferentes nacionalidades que intent\u00f3 infiltrarse &hellip;<\/p>\n","protected":false},"author":36,"featured_media":247555,"comment_status":"closed","ping_status":"closed","sticky":false,"template":"","format":"standard","meta":{"footnotes":""},"categories":[477,597,573,20724,476,457,583],"tags":[],"class_list":["post-247554","post","type-post","status-publish","format-standard","has-post-thumbnail","","category-noticias-edulcorantes","category-cinta-de-noticias","category-la-realidad-de-los-acontecimientos-en-siria","category-minuto-a-minuto","category-locales","category-noticias-arabe-internacional-politica","category-slide"],"_links":{"self":[{"href":"https:\/\/archive.sana.sy\/es\/index.php?rest_route=\/wp\/v2\/posts\/247554"}],"collection":[{"href":"https:\/\/archive.sana.sy\/es\/index.php?rest_route=\/wp\/v2\/posts"}],"about":[{"href":"https:\/\/archive.sana.sy\/es\/index.php?rest_route=\/wp\/v2\/types\/post"}],"author":[{"embeddable":true,"href":"https:\/\/archive.sana.sy\/es\/index.php?rest_route=\/wp\/v2\/users\/36"}],"replies":[{"embeddable":true,"href":"https:\/\/archive.sana.sy\/es\/index.php?rest_route=%2Fwp%2Fv2%2Fcomments&post=247554"}],"version-history":[{"count":0,"href":"https:\/\/archive.sana.sy\/es\/index.php?rest_route=\/wp\/v2\/posts\/247554\/revisions"}],"wp:featuredmedia":[{"embeddable":true,"href":"https:\/\/archive.sana.sy\/es\/index.php?rest_route=\/wp\/v2\/media\/247555"}],"wp:attachment":[{"href":"https:\/\/archive.sana.sy\/es\/index.php?rest_route=%2Fwp%2Fv2%2Fmedia&parent=247554"}],"wp:term":[{"taxonomy":"category","embeddable":true,"href":"https:\/\/archive.sana.sy\/es\/index.php?rest_route=%2Fwp%2Fv2%2Fcategories&post=247554"},{"taxonomy":"post_tag","embeddable":true,"href":"https:\/\/archive.sana.sy\/es\/index.php?rest_route=%2Fwp%2Fv2%2Ftags&post=247554"}],"curies":[{"name":"wp","href":"https:\/\/api.w.org\/{rel}","templated":true}]}}