{"id":24760,"date":"2015-06-08T21:05:48","date_gmt":"2015-06-08T18:05:48","guid":{"rendered":"http:\/\/sana.sy\/es\/?p=24760"},"modified":"2015-06-08T21:20:49","modified_gmt":"2015-06-08T18:20:49","slug":"siria-y-rusia-analizan-ultimos-acontecimientos-en-siria","status":"publish","type":"post","link":"https:\/\/archive.sana.sy\/es\/?p=24760","title":{"rendered":"Siria y Rusia analizan \u00faltimos acontecimientos en Siria"},"content":{"rendered":"<p>Mosc\u00fa-SANA<\/p>\n<p>El representante especial del presidente de Rusia para asuntos del Oriente Medio y los pa\u00edses Africanos, y vicecanciller ruso Mikhail Bogdanov examin\u00f3 hoy con el gran Muft\u00ed de la Republica Bader Alddin Hasoun la evoluci\u00f3n de la situaci\u00f3n en Siria.<\/p>\n<p>En un comunicado, la canciller\u00eda rusa dijo que ambos funcionarios intercambiaron los puntos de vista sobre los \u00faltimos acontecimientos en Siria en particular y en el Medio Oriente en General.<\/p>\n<p>En otro comunicado, la canciller\u00eda rusa anunci\u00f3 que Mikhail Bogdanov tambi\u00e9n recibi\u00f3\u00a0 a Rima Qadri, presidente del departamento de planificaci\u00f3n y cooperaci\u00f3n internacional en Siria.<\/p>\n<p>El comunicado dijo que ambos lados intercambiaron los puntos de vista sobre la situaci\u00f3n en Siria as\u00ed como las dos partes destacaron la necesidad de dar prioridad a la soluci\u00f3n pol\u00edtica a la crisis de Siria y restaurar la paz y estabilidad en este pa\u00eds.<\/p>\n<p>Yamil K.<\/p>\n","protected":false},"excerpt":{"rendered":"<p>Mosc\u00fa-SANA El representante especial del presidente de Rusia para asuntos del Oriente Medio y los pa\u00edses Africanos, y vicecanciller ruso Mikhail Bogdanov examin\u00f3 hoy con el gran Muft\u00ed de la Republica Bader Alddin Hasoun la evoluci\u00f3n de la situaci\u00f3n en Siria. En un comunicado, la canciller\u00eda rusa dijo que ambos funcionarios intercambiaron los puntos de &hellip;<\/p>\n","protected":false},"author":1,"featured_media":24761,"comment_status":"closed","ping_status":"closed","sticky":false,"template":"","format":"standard","meta":{"footnotes":""},"categories":[456,457,576],"tags":[],"class_list":["post-24760","post","type-post","status-publish","format-standard","has-post-thumbnail","","category-arabe-internacional-politica","category-noticias-arabe-internacional-politica","category-noticias-politicas"],"_links":{"self":[{"href":"https:\/\/archive.sana.sy\/es\/index.php?rest_route=\/wp\/v2\/posts\/24760"}],"collection":[{"href":"https:\/\/archive.sana.sy\/es\/index.php?rest_route=\/wp\/v2\/posts"}],"about":[{"href":"https:\/\/archive.sana.sy\/es\/index.php?rest_route=\/wp\/v2\/types\/post"}],"author":[{"embeddable":true,"href":"https:\/\/archive.sana.sy\/es\/index.php?rest_route=\/wp\/v2\/users\/1"}],"replies":[{"embeddable":true,"href":"https:\/\/archive.sana.sy\/es\/index.php?rest_route=%2Fwp%2Fv2%2Fcomments&post=24760"}],"version-history":[{"count":0,"href":"https:\/\/archive.sana.sy\/es\/index.php?rest_route=\/wp\/v2\/posts\/24760\/revisions"}],"wp:featuredmedia":[{"embeddable":true,"href":"https:\/\/archive.sana.sy\/es\/index.php?rest_route=\/wp\/v2\/media\/24761"}],"wp:attachment":[{"href":"https:\/\/archive.sana.sy\/es\/index.php?rest_route=%2Fwp%2Fv2%2Fmedia&parent=24760"}],"wp:term":[{"taxonomy":"category","embeddable":true,"href":"https:\/\/archive.sana.sy\/es\/index.php?rest_route=%2Fwp%2Fv2%2Fcategories&post=24760"},{"taxonomy":"post_tag","embeddable":true,"href":"https:\/\/archive.sana.sy\/es\/index.php?rest_route=%2Fwp%2Fv2%2Ftags&post=24760"}],"curies":[{"name":"wp","href":"https:\/\/api.w.org\/{rel}","templated":true}]}}