{"id":24763,"date":"2015-06-09T11:43:58","date_gmt":"2015-06-09T08:43:58","guid":{"rendered":"http:\/\/sana.sy\/es\/?p=24763"},"modified":"2015-06-09T11:43:58","modified_gmt":"2015-06-09T08:43:58","slug":"demir-tash-turquia-debe-detener-su-apoyo-a-las-organizaciones-terroristas-en-siria","status":"publish","type":"post","link":"https:\/\/archive.sana.sy\/es\/?p=24763","title":{"rendered":"Demir Tash: Turqu\u00eda debe detener su apoyo a las organizaciones terroristas en Siria"},"content":{"rendered":"<div><span lang=\"ES-TRAD\" style=\"color: #ff0000\">Ankara, SANA<\/span><\/div>\n<div><span lang=\"ES-TRAD\">\u00a0<\/span><\/div>\n<div><span lang=\"ES-TRAD\">El presidente del Partido Democr\u00e1tico de los Pueblos en Turqu\u00eda, Salahuddin Demir Tash, reafirm\u00f3 la necesidad de que Turqu\u00eda cese inmediatamente su apoyo a las organizaciones terroristas en Siria, como un requisito previo para restablecer las cosas a la normalidad en las relaciones exteriores turcas del nuevo gobierno.<\/span><\/div>\n<div><span lang=\"ES-TRAD\">\u00a0<\/span><\/div>\n<div><span lang=\"ES-TRAD\">En una entrevista concedida a la cadena estadunidense CNN, Demir Tash asegur\u00f3 que &#8220;esta demanda es uno de los principales requisitos para la formaci\u00f3n de cualquier coalici\u00f3n gubernamental entre el gobernante Partido de Justicia y Desarrollo y cualquiera de las dem\u00e1s tres partidos pol\u00edticos principales&#8221;.<\/span><\/div>\n<div><span lang=\"ES-TRAD\">\u00a0<\/span><\/div>\n<div><span lang=\"ES-TRAD\">Asimismo, indic\u00f3 que los tres partidos no se van a apresurar en la toma de una decisi\u00f3n sobre las f\u00f3rmulas de los futuros gobiernos, debido a la complicada situaci\u00f3n de equilibrio pol\u00edtico en el parlamento.<\/span><\/div>\n<div><span lang=\"ES-TRAD\">\u00a0<\/span><\/div>\n<div><span lang=\"ES-TRAD\">El presidente del Partido Democr\u00e1tico de los Pueblos describi\u00f3 la victoria de su partido en las elecciones parlamentarias como &#8220;hist\u00f3rica&#8221;, ya que seg\u00fan \u00e9l, tendr\u00eda repercusiones sobre la cuesti\u00f3n kurda y varias cuestiones generales internas y regionales.<\/span><\/div>\n<div><span lang=\"ES-TRAD\">\u00a0<\/span><\/div>\n<div><span lang=\"ES-TRAD\">El Partido Democr\u00e1tico de los Pueblos obtuvo 13.5% de los votos lo cual hizo que el partido gobernante perdiera la mayor\u00eda absoluta.<\/span><\/div>\n<div><\/div>\n<div><span style=\"color: #00ccff\">Fady M., Hala B.<\/span><\/div>\n<div class=\"yj6qo ajU\">\n<div id=\":ko\" class=\"ajR\"><img decoding=\"async\" class=\"ajT\" src=\"https:\/\/ssl.gstatic.com\/ui\/v1\/icons\/mail\/images\/cleardot.gif\" alt=\"\" \/><\/div>\n<\/div>\n","protected":false},"excerpt":{"rendered":"<p>Ankara, SANA \u00a0 El presidente del Partido Democr\u00e1tico de los Pueblos en Turqu\u00eda, Salahuddin Demir Tash, reafirm\u00f3 la necesidad de que Turqu\u00eda cese inmediatamente su apoyo a las organizaciones terroristas en Siria, como un requisito previo para restablecer las cosas a la normalidad en las relaciones exteriores turcas del nuevo gobierno. \u00a0 En una entrevista &hellip;<\/p>\n","protected":false},"author":1,"featured_media":24764,"comment_status":"closed","ping_status":"closed","sticky":false,"template":"","format":"standard","meta":{"footnotes":""},"categories":[597,576],"tags":[5575],"class_list":["post-24763","post","type-post","status-publish","format-standard","has-post-thumbnail","","category-cinta-de-noticias","category-noticias-politicas","tag-demir-tash-turquia-debe-detener-su-apoyo-a-las-organizaciones-terroristas-en-siria"],"_links":{"self":[{"href":"https:\/\/archive.sana.sy\/es\/index.php?rest_route=\/wp\/v2\/posts\/24763"}],"collection":[{"href":"https:\/\/archive.sana.sy\/es\/index.php?rest_route=\/wp\/v2\/posts"}],"about":[{"href":"https:\/\/archive.sana.sy\/es\/index.php?rest_route=\/wp\/v2\/types\/post"}],"author":[{"embeddable":true,"href":"https:\/\/archive.sana.sy\/es\/index.php?rest_route=\/wp\/v2\/users\/1"}],"replies":[{"embeddable":true,"href":"https:\/\/archive.sana.sy\/es\/index.php?rest_route=%2Fwp%2Fv2%2Fcomments&post=24763"}],"version-history":[{"count":0,"href":"https:\/\/archive.sana.sy\/es\/index.php?rest_route=\/wp\/v2\/posts\/24763\/revisions"}],"wp:featuredmedia":[{"embeddable":true,"href":"https:\/\/archive.sana.sy\/es\/index.php?rest_route=\/wp\/v2\/media\/24764"}],"wp:attachment":[{"href":"https:\/\/archive.sana.sy\/es\/index.php?rest_route=%2Fwp%2Fv2%2Fmedia&parent=24763"}],"wp:term":[{"taxonomy":"category","embeddable":true,"href":"https:\/\/archive.sana.sy\/es\/index.php?rest_route=%2Fwp%2Fv2%2Fcategories&post=24763"},{"taxonomy":"post_tag","embeddable":true,"href":"https:\/\/archive.sana.sy\/es\/index.php?rest_route=%2Fwp%2Fv2%2Ftags&post=24763"}],"curies":[{"name":"wp","href":"https:\/\/api.w.org\/{rel}","templated":true}]}}