{"id":247644,"date":"2022-08-11T14:08:29","date_gmt":"2022-08-11T11:08:29","guid":{"rendered":"http:\/\/107.6.182.27\/es\/?p=247644"},"modified":"2022-08-11T14:08:29","modified_gmt":"2022-08-11T11:08:29","slug":"cientos-de-intelectuales-turcos-exigen-frenar-una-posible-agresion-militar-turca-contra-siria","status":"publish","type":"post","link":"https:\/\/archive.sana.sy\/es\/?p=247644","title":{"rendered":"Cientos de intelectuales turcos exigen frenar una posible agresi\u00f3n militar turca contra Siria"},"content":{"rendered":"<blockquote>\n<p style=\"text-align: justify;\"><strong>\u201cCualquier nuevo ataque tendr\u00e1 consecuencias nefastas para todo el pueblo turco ya que los j\u00f3venes turcos se ven obligados a luchar en tierras extranjeras y perder sus vidas a favor de el r\u00e9gimen de Ankara\u201d<\/strong><\/p>\n<\/blockquote>\n<p style=\"text-align: justify;\">\n<strong><span style=\"color: #800000;\">Ankara, 11 ago (SANA)\u00a0 \u00a0<\/span><\/strong> \u00a0Unos 308 intelectuales turcos, entre ellos acad\u00e9micos, periodistas, escritores y actores, emitieron un comunicado conjunto para expresar su rechazo a las amenazas del presidente del r\u00e9gimen turco, Recep Tayyip Erdogan, que planea lanzar una posible agresi\u00f3n contra el norte de Siria.<\/p>\n<p style=\"text-align: justify;\">El comunicado publicado por el diario turco \u201cToday Zaman\u201d asever\u00f3 que los pretextos que se invocan por el r\u00e9gimen de Erdogan para justificar tal agresi\u00f3n son solo m\u00e9todos para alcanzar sus objetivos coloniales y servir a sus intereses.<\/p>\n<p style=\"text-align: justify;\">La nota enfatiz\u00f3 que cualquier nuevo ataque tendr\u00e1 consecuencias nefastas para todo el pueblo turco ya que los j\u00f3venes turcos se ven obligados a luchar en tierras extranjeras y perder sus vidas a favor de el r\u00e9gimen de Ankara.<\/p>\n<p style=\"text-align: justify;\">Asignar enormes gastos para armas y guerra por parte del gobierno turco exacerbar\u00e1 los problemas econ\u00f3micos de los ciudadanos del pa\u00eds a la luz del sufrimiento por las grandes dificultades de vida en todos los campos que enfrentan los ciudadanos turcos, agregaron.<\/p>\n<p style=\"text-align: justify;\">Llamaron a los partidos de la oposici\u00f3n a no involucrarse en ninguno de los cr\u00edmenes de la autoridad gobernante, a no participar en esa guerra y a impedir cualquier decisi\u00f3n del parlamento turco que permita una acci\u00f3n militar.<\/p>\n<p style=\"text-align: justify;\">ws\/fm<\/p>\n","protected":false},"excerpt":{"rendered":"<p>\u201cCualquier nuevo ataque tendr\u00e1 consecuencias nefastas para todo el pueblo turco ya que los j\u00f3venes turcos se ven obligados a luchar en tierras extranjeras y perder sus vidas a favor de el r\u00e9gimen de Ankara\u201d Ankara, 11 ago (SANA)\u00a0 \u00a0 \u00a0Unos 308 intelectuales turcos, entre ellos acad\u00e9micos, periodistas, escritores y actores, emitieron un comunicado conjunto &hellip;<\/p>\n","protected":false},"author":32,"featured_media":247645,"comment_status":"closed","ping_status":"closed","sticky":false,"template":"","format":"standard","meta":{"footnotes":""},"categories":[597,467,583],"tags":[],"class_list":["post-247644","post","type-post","status-publish","format-standard","has-post-thumbnail","","category-cinta-de-noticias","category-siria-y-el-mundo","category-slide"],"_links":{"self":[{"href":"https:\/\/archive.sana.sy\/es\/index.php?rest_route=\/wp\/v2\/posts\/247644"}],"collection":[{"href":"https:\/\/archive.sana.sy\/es\/index.php?rest_route=\/wp\/v2\/posts"}],"about":[{"href":"https:\/\/archive.sana.sy\/es\/index.php?rest_route=\/wp\/v2\/types\/post"}],"author":[{"embeddable":true,"href":"https:\/\/archive.sana.sy\/es\/index.php?rest_route=\/wp\/v2\/users\/32"}],"replies":[{"embeddable":true,"href":"https:\/\/archive.sana.sy\/es\/index.php?rest_route=%2Fwp%2Fv2%2Fcomments&post=247644"}],"version-history":[{"count":0,"href":"https:\/\/archive.sana.sy\/es\/index.php?rest_route=\/wp\/v2\/posts\/247644\/revisions"}],"wp:featuredmedia":[{"embeddable":true,"href":"https:\/\/archive.sana.sy\/es\/index.php?rest_route=\/wp\/v2\/media\/247645"}],"wp:attachment":[{"href":"https:\/\/archive.sana.sy\/es\/index.php?rest_route=%2Fwp%2Fv2%2Fmedia&parent=247644"}],"wp:term":[{"taxonomy":"category","embeddable":true,"href":"https:\/\/archive.sana.sy\/es\/index.php?rest_route=%2Fwp%2Fv2%2Fcategories&post=247644"},{"taxonomy":"post_tag","embeddable":true,"href":"https:\/\/archive.sana.sy\/es\/index.php?rest_route=%2Fwp%2Fv2%2Ftags&post=247644"}],"curies":[{"name":"wp","href":"https:\/\/api.w.org\/{rel}","templated":true}]}}