{"id":247675,"date":"2022-08-11T17:14:37","date_gmt":"2022-08-11T14:14:37","guid":{"rendered":"http:\/\/107.6.182.27\/es\/?p=247675"},"modified":"2022-08-11T17:14:37","modified_gmt":"2022-08-11T14:14:37","slug":"conversaciones-sirio-emiraties-sobre-cooperacion-agricola","status":"publish","type":"post","link":"https:\/\/archive.sana.sy\/es\/?p=247675","title":{"rendered":"Conversaciones sirio-emirat\u00edes sobre cooperaci\u00f3n agr\u00edcola"},"content":{"rendered":"<p style=\"text-align: justify;\"><span style=\"color: #800000;\"><strong>Damasco, 11 ago (SANA)\u00a0<\/strong><\/span>El Ministro de Agricultura y Reforma Agraria, Mohammed Qatana, examin\u00f3 con el Encargado de Negocios de la Embajada de los Emiratos \u00c1rabes Unidos en Damasco, Consejero Abdul Hakim Ibrahim al-Nuaimi, las perspectivas de la cooperaci\u00f3n futura en el campo de la agricultura y el intercambio comercial de productos agr\u00edcolas.<\/p>\n<p style=\"text-align: justify;\">Durante su reuni\u00f3n con el diplom\u00e1tico emirat\u00ed, el Titular de Agricultura resalt\u00f3 la importancia de lograr la integraci\u00f3n en la producci\u00f3n agr\u00edcola entre los pa\u00edses \u00e1rabes, y desarrollar un plan conjunto para identificar los productos que necesita cada pa\u00eds de acuerdo con los est\u00e1ndares requeridos.<\/p>\n<p style=\"text-align: justify;\">\u201cLas condiciones clim\u00e1ticas en Siria son id\u00f3neas para todos los productos agr\u00edcolas que por esto gozan de buena calidad\u201d, aclar\u00f3 el Titular.<\/p>\n<p style=\"text-align: justify;\">Asimismo, hizo una panor\u00e1mica sobre los proyectos de inversi\u00f3n agr\u00edcola m\u00e1s importantes presentados por el Ministerio de Agricultura de conformidad con la Ley de Inversiones N\u00ba 18 y las facilidades que esta proporciona a los inversores.<\/p>\n<p style=\"text-align: justify;\"><em><strong>ah\/rsh<\/strong><\/em><\/p>\n","protected":false},"excerpt":{"rendered":"<p>Damasco, 11 ago (SANA)\u00a0El Ministro de Agricultura y Reforma Agraria, Mohammed Qatana, examin\u00f3 con el Encargado de Negocios de la Embajada de los Emiratos \u00c1rabes Unidos en Damasco, Consejero Abdul Hakim Ibrahim al-Nuaimi, las perspectivas de la cooperaci\u00f3n futura en el campo de la agricultura y el intercambio comercial de productos agr\u00edcolas. Durante su reuni\u00f3n &hellip;<\/p>\n","protected":false},"author":30,"featured_media":247674,"comment_status":"closed","ping_status":"closed","sticky":false,"template":"","format":"standard","meta":{"footnotes":""},"categories":[597,20724,467,7541],"tags":[],"class_list":["post-247675","post","type-post","status-publish","format-standard","has-post-thumbnail","","category-cinta-de-noticias","category-minuto-a-minuto","category-siria-y-el-mundo","category-ultimas-noticias"],"_links":{"self":[{"href":"https:\/\/archive.sana.sy\/es\/index.php?rest_route=\/wp\/v2\/posts\/247675"}],"collection":[{"href":"https:\/\/archive.sana.sy\/es\/index.php?rest_route=\/wp\/v2\/posts"}],"about":[{"href":"https:\/\/archive.sana.sy\/es\/index.php?rest_route=\/wp\/v2\/types\/post"}],"author":[{"embeddable":true,"href":"https:\/\/archive.sana.sy\/es\/index.php?rest_route=\/wp\/v2\/users\/30"}],"replies":[{"embeddable":true,"href":"https:\/\/archive.sana.sy\/es\/index.php?rest_route=%2Fwp%2Fv2%2Fcomments&post=247675"}],"version-history":[{"count":0,"href":"https:\/\/archive.sana.sy\/es\/index.php?rest_route=\/wp\/v2\/posts\/247675\/revisions"}],"wp:featuredmedia":[{"embeddable":true,"href":"https:\/\/archive.sana.sy\/es\/index.php?rest_route=\/wp\/v2\/media\/247674"}],"wp:attachment":[{"href":"https:\/\/archive.sana.sy\/es\/index.php?rest_route=%2Fwp%2Fv2%2Fmedia&parent=247675"}],"wp:term":[{"taxonomy":"category","embeddable":true,"href":"https:\/\/archive.sana.sy\/es\/index.php?rest_route=%2Fwp%2Fv2%2Fcategories&post=247675"},{"taxonomy":"post_tag","embeddable":true,"href":"https:\/\/archive.sana.sy\/es\/index.php?rest_route=%2Fwp%2Fv2%2Ftags&post=247675"}],"curies":[{"name":"wp","href":"https:\/\/api.w.org\/{rel}","templated":true}]}}