{"id":247683,"date":"2022-08-11T20:16:58","date_gmt":"2022-08-11T17:16:58","guid":{"rendered":"http:\/\/107.6.182.27\/es\/?p=247683"},"modified":"2023-01-10T15:54:57","modified_gmt":"2023-01-10T13:54:57","slug":"seguridad-libanesa-libera-a-rehenes-tomados-por-un-armado-en-un-banco-de-beirut","status":"publish","type":"post","link":"https:\/\/archive.sana.sy\/es\/?p=247683","title":{"rendered":"Seguridad libanesa libera a rehenes tomados por un armado en un banco de Beirut"},"content":{"rendered":"<p style=\"text-align: justify;\"><span style=\"color: #800000;\"><strong>Beirut, 11 ago (SANA) <\/strong><\/span>La operaci\u00f3n de toma de rehenes por parte de un hombre armado en un banco liban\u00e9s termin\u00f3 en la capital Beirut, esta noche.<\/p>\n<p style=\"text-align: justify;\">El sitio web liban\u00e9s Al-Manar TV inform\u00f3 que las fuerzas de seguridad hab\u00edan retirado al armado del Federal Bank y que los empleados retenidos comenzaron a abandonar el banco despu\u00e9s de que el pistolero se entreg\u00f3 a las fuerzas de seguridad.<\/p>\n<p style=\"text-align: justify;\">Horas antes el depositante armado detuvo a ciudadanos y empleados del Federal Bank exigi\u00e9ndoles que le entregaran sus fondos depositados en bancos libaneses.<\/p>\n<p style=\"text-align: justify;\">El L\u00edbano vive una crisis financiera y econ\u00f3mica asfixiante que ha llevado a la congelaci\u00f3n de los dep\u00f3sitos en los bancos, lo que ha provocado protestas generalizadas entre los depositantes.<\/p>\n<p style=\"text-align: justify;\"><em><strong>ah\/rsh<\/strong><\/em><\/p>\n","protected":false},"excerpt":{"rendered":"<p>Beirut, 11 ago (SANA) La operaci\u00f3n de toma de rehenes por parte de un hombre armado en un banco liban\u00e9s termin\u00f3 en la capital Beirut, esta noche. El sitio web liban\u00e9s Al-Manar TV inform\u00f3 que las fuerzas de seguridad hab\u00edan retirado al armado del Federal Bank y que los empleados retenidos comenzaron a abandonar el &hellip;<\/p>\n","protected":false},"author":30,"featured_media":247684,"comment_status":"closed","ping_status":"closed","sticky":false,"template":"","format":"standard","meta":{"footnotes":""},"categories":[456,20724],"tags":[],"class_list":["post-247683","post","type-post","status-publish","format-standard","has-post-thumbnail","","category-arabe-internacional-politica","category-minuto-a-minuto"],"_links":{"self":[{"href":"https:\/\/archive.sana.sy\/es\/index.php?rest_route=\/wp\/v2\/posts\/247683"}],"collection":[{"href":"https:\/\/archive.sana.sy\/es\/index.php?rest_route=\/wp\/v2\/posts"}],"about":[{"href":"https:\/\/archive.sana.sy\/es\/index.php?rest_route=\/wp\/v2\/types\/post"}],"author":[{"embeddable":true,"href":"https:\/\/archive.sana.sy\/es\/index.php?rest_route=\/wp\/v2\/users\/30"}],"replies":[{"embeddable":true,"href":"https:\/\/archive.sana.sy\/es\/index.php?rest_route=%2Fwp%2Fv2%2Fcomments&post=247683"}],"version-history":[{"count":0,"href":"https:\/\/archive.sana.sy\/es\/index.php?rest_route=\/wp\/v2\/posts\/247683\/revisions"}],"wp:featuredmedia":[{"embeddable":true,"href":"https:\/\/archive.sana.sy\/es\/index.php?rest_route=\/wp\/v2\/media\/247684"}],"wp:attachment":[{"href":"https:\/\/archive.sana.sy\/es\/index.php?rest_route=%2Fwp%2Fv2%2Fmedia&parent=247683"}],"wp:term":[{"taxonomy":"category","embeddable":true,"href":"https:\/\/archive.sana.sy\/es\/index.php?rest_route=%2Fwp%2Fv2%2Fcategories&post=247683"},{"taxonomy":"post_tag","embeddable":true,"href":"https:\/\/archive.sana.sy\/es\/index.php?rest_route=%2Fwp%2Fv2%2Ftags&post=247683"}],"curies":[{"name":"wp","href":"https:\/\/api.w.org\/{rel}","templated":true}]}}