{"id":247729,"date":"2022-08-12T09:41:29","date_gmt":"2022-08-12T06:41:29","guid":{"rendered":"http:\/\/107.6.182.27\/es\/?p=247729"},"modified":"2023-01-10T15:54:56","modified_gmt":"2023-01-10T13:54:56","slug":"fuerzas-de-kiev-despliegan-sus-armas-en-jardines-de-infancia-denuncia-ministerio-de-defensa-ruso","status":"publish","type":"post","link":"https:\/\/archive.sana.sy\/es\/?p=247729","title":{"rendered":"Fuerzas de Kiev despliegan sus armas en jardines de infancia, denuncia Ministerio de Defensa ruso"},"content":{"rendered":"<p style=\"text-align: justify;\"><span style=\"color: #800000;\"><strong>Mosc\u00fa, 12 ago (SANA) <\/strong><\/span>El Ministerio de Defensa ruso denunci\u00f3 que las fuerzas de Kiev est\u00e1n desplegando sus cuarteles generales, veh\u00edculos blindados y artiller\u00eda en jardines de infancia en Zaporiyia, Nikolaev y otras \u00e1reas bajo su control.<\/p>\n<p style=\"text-align: justify;\">La agencia TASS cit\u00f3 al jefe del Centro Nacional Ruso para la Gesti\u00f3n de la Defensa, Mija\u00edl Mezentsev, diciendo que: \u201cLas fuerzas ucranianas establecieron un cuartel general y establecieron dep\u00f3sitos de municiones en el jard\u00edn de infantes No. 103 en la ciudad de Mikolaiev sin evacuar a los civiles de los edificios cercanos para convertirlos en escudos humanos\u201d.<\/p>\n<p style=\"text-align: justify;\">El funcionario ruso agreg\u00f3 que asimismo en un jard\u00edn de infancia de la ciudad de Zaporiyia se hab\u00eda establecido un cuartel general de las Fuerzas de Defensa Territorial, igual que en otro jard\u00edn de infancia en la ciudad de Konstantinovka, Rep\u00fablica Popular de Donetsk.<\/p>\n<p style=\"text-align: justify;\">Mezentsev se\u00f1al\u00f3 que los nacionalistas ucranianos minaron puentes en la provincia suroriental ucraniana de Dnipropetrovsk para volarlos y acusar a las fuerzas rusas de bombardear la infraestructura.<\/p>\n<p style=\"text-align: justify;\">Reiter\u00f3 que las fuerzas rusas y las formaciones militares de las Rep\u00fablicas de Donb\u00e1s no atacan la infraestructura civil, sino que trabajan cuidadosamente por proteger a la poblaci\u00f3n y las estructuras.<\/p>\n<p style=\"text-align: justify;\"><em><strong>ah\/rsh<\/strong><\/em><\/p>\n","protected":false},"excerpt":{"rendered":"<p>Mosc\u00fa, 12 ago (SANA) El Ministerio de Defensa ruso denunci\u00f3 que las fuerzas de Kiev est\u00e1n desplegando sus cuarteles generales, veh\u00edculos blindados y artiller\u00eda en jardines de infancia en Zaporiyia, Nikolaev y otras \u00e1reas bajo su control. La agencia TASS cit\u00f3 al jefe del Centro Nacional Ruso para la Gesti\u00f3n de la Defensa, Mija\u00edl Mezentsev, &hellip;<\/p>\n","protected":false},"author":30,"featured_media":247730,"comment_status":"closed","ping_status":"closed","sticky":false,"template":"","format":"standard","meta":{"footnotes":""},"categories":[456,20724],"tags":[],"class_list":["post-247729","post","type-post","status-publish","format-standard","has-post-thumbnail","","category-arabe-internacional-politica","category-minuto-a-minuto"],"_links":{"self":[{"href":"https:\/\/archive.sana.sy\/es\/index.php?rest_route=\/wp\/v2\/posts\/247729"}],"collection":[{"href":"https:\/\/archive.sana.sy\/es\/index.php?rest_route=\/wp\/v2\/posts"}],"about":[{"href":"https:\/\/archive.sana.sy\/es\/index.php?rest_route=\/wp\/v2\/types\/post"}],"author":[{"embeddable":true,"href":"https:\/\/archive.sana.sy\/es\/index.php?rest_route=\/wp\/v2\/users\/30"}],"replies":[{"embeddable":true,"href":"https:\/\/archive.sana.sy\/es\/index.php?rest_route=%2Fwp%2Fv2%2Fcomments&post=247729"}],"version-history":[{"count":0,"href":"https:\/\/archive.sana.sy\/es\/index.php?rest_route=\/wp\/v2\/posts\/247729\/revisions"}],"wp:featuredmedia":[{"embeddable":true,"href":"https:\/\/archive.sana.sy\/es\/index.php?rest_route=\/wp\/v2\/media\/247730"}],"wp:attachment":[{"href":"https:\/\/archive.sana.sy\/es\/index.php?rest_route=%2Fwp%2Fv2%2Fmedia&parent=247729"}],"wp:term":[{"taxonomy":"category","embeddable":true,"href":"https:\/\/archive.sana.sy\/es\/index.php?rest_route=%2Fwp%2Fv2%2Fcategories&post=247729"},{"taxonomy":"post_tag","embeddable":true,"href":"https:\/\/archive.sana.sy\/es\/index.php?rest_route=%2Fwp%2Fv2%2Ftags&post=247729"}],"curies":[{"name":"wp","href":"https:\/\/api.w.org\/{rel}","templated":true}]}}