{"id":247741,"date":"2022-08-12T11:43:20","date_gmt":"2022-08-12T08:43:20","guid":{"rendered":"http:\/\/107.6.182.27\/es\/?p=247741"},"modified":"2023-01-10T15:54:55","modified_gmt":"2023-01-10T13:54:55","slug":"manifestacion-en-ramallah-en-apoyo-de-los-prisioneros-palestinos-en-las-carceles-de-la-ocupacion","status":"publish","type":"post","link":"https:\/\/archive.sana.sy\/es\/?p=247741","title":{"rendered":"Manifestaci\u00f3n en Ramallah en apoyo de los prisioneros palestinos en las c\u00e1rceles de la ocupaci\u00f3n"},"content":{"rendered":"<p style=\"text-align: justify;\"><span style=\"color: #800000;\"><strong>Jerusal\u00e9n ocupada, 12 ago (SANA) <\/strong><\/span>Varios palestinos se manifestaron en la ciudad de Ramallah, en Cisjordania, exigiendo salvar las vidas de los prisioneros en los centros de detenci\u00f3n de la ocupaci\u00f3n israel\u00ed y liberar al huelguista de hambre Khalil Awawda.<\/p>\n<p style=\"text-align: justify;\">La Agencia Palestina Wafa declar\u00f3 que los participantes en la manifestaci\u00f3n en el centro de la ciudad levantaron la bandera palestina y retratos de los m\u00e1rtires y prisioneros. Tambi\u00e9n corearon consignas pidiendo la liberaci\u00f3n inmediata de Awawda cuya salud se ha deteriorado gravemente debido a su segunda huelga de hambre que dura ya 42 d\u00edas.<\/p>\n<p style=\"text-align: justify;\">Los manifestantes destacaron que la justicia humana requiere que la comunidad internacional preste atenci\u00f3n a los cientos de prisioneros palestinos que son abandonados a su suerte mientras la ocupaci\u00f3n contin\u00faa con una pol\u00edtica de negligencia m\u00e9dica y de torturas.<\/p>\n<p style=\"text-align: justify;\">El Club de Prisioneros Palestinos advirti\u00f3 que el preso est\u00e1 en huelga de hambre para protestar por los cr\u00edmenes de la ocupaci\u00f3n contra los presos y podr\u00eda morir en cualquier momento, y pidi\u00f3 a las instituciones internacionales que se ocupan de los asuntos de los prisioneros que act\u00faen urgentemente por liberarlo.<\/p>\n<p style=\"text-align: justify;\">Awawda hab\u00eda anunciado su primera huelga de hambre el 3 de marzo pasado y la suspendi\u00f3 tras 111 d\u00edas el 21 de junio despu\u00e9s de que las autoridades de ocupaci\u00f3n se comprometieran a liberarlo, pero incumplieron sus promesas, lo que lo llev\u00f3 a reanudar la huelga el dos de julio pasado.<\/p>\n<p style=\"text-align: justify;\"><em><strong>rsh\/ah<\/strong><\/em><\/p>\n","protected":false},"excerpt":{"rendered":"<p>Jerusal\u00e9n ocupada, 12 ago (SANA) Varios palestinos se manifestaron en la ciudad de Ramallah, en Cisjordania, exigiendo salvar las vidas de los prisioneros en los centros de detenci\u00f3n de la ocupaci\u00f3n israel\u00ed y liberar al huelguista de hambre Khalil Awawda. La Agencia Palestina Wafa declar\u00f3 que los participantes en la manifestaci\u00f3n en el centro de &hellip;<\/p>\n","protected":false},"author":30,"featured_media":247742,"comment_status":"closed","ping_status":"closed","sticky":false,"template":"","format":"standard","meta":{"footnotes":""},"categories":[456,20724],"tags":[],"class_list":["post-247741","post","type-post","status-publish","format-standard","has-post-thumbnail","","category-arabe-internacional-politica","category-minuto-a-minuto"],"_links":{"self":[{"href":"https:\/\/archive.sana.sy\/es\/index.php?rest_route=\/wp\/v2\/posts\/247741"}],"collection":[{"href":"https:\/\/archive.sana.sy\/es\/index.php?rest_route=\/wp\/v2\/posts"}],"about":[{"href":"https:\/\/archive.sana.sy\/es\/index.php?rest_route=\/wp\/v2\/types\/post"}],"author":[{"embeddable":true,"href":"https:\/\/archive.sana.sy\/es\/index.php?rest_route=\/wp\/v2\/users\/30"}],"replies":[{"embeddable":true,"href":"https:\/\/archive.sana.sy\/es\/index.php?rest_route=%2Fwp%2Fv2%2Fcomments&post=247741"}],"version-history":[{"count":0,"href":"https:\/\/archive.sana.sy\/es\/index.php?rest_route=\/wp\/v2\/posts\/247741\/revisions"}],"wp:featuredmedia":[{"embeddable":true,"href":"https:\/\/archive.sana.sy\/es\/index.php?rest_route=\/wp\/v2\/media\/247742"}],"wp:attachment":[{"href":"https:\/\/archive.sana.sy\/es\/index.php?rest_route=%2Fwp%2Fv2%2Fmedia&parent=247741"}],"wp:term":[{"taxonomy":"category","embeddable":true,"href":"https:\/\/archive.sana.sy\/es\/index.php?rest_route=%2Fwp%2Fv2%2Fcategories&post=247741"},{"taxonomy":"post_tag","embeddable":true,"href":"https:\/\/archive.sana.sy\/es\/index.php?rest_route=%2Fwp%2Fv2%2Ftags&post=247741"}],"curies":[{"name":"wp","href":"https:\/\/api.w.org\/{rel}","templated":true}]}}