{"id":247744,"date":"2022-08-12T11:58:53","date_gmt":"2022-08-12T08:58:53","guid":{"rendered":"http:\/\/107.6.182.27\/es\/?p=247744"},"modified":"2022-08-12T13:36:02","modified_gmt":"2022-08-12T10:36:02","slug":"cuba-ratifica-su-postura-solidaria-con-siria","status":"publish","type":"post","link":"https:\/\/archive.sana.sy\/es\/?p=247744","title":{"rendered":"Cuba ratifica su postura solidaria con Siria"},"content":{"rendered":"<p style=\"text-align: justify;\"><span style=\"color: #800000;\"><strong>La Habana, 12 ago (SANA)\u00a0<\/strong><\/span>Cuba renov\u00f3 su firme posici\u00f3n de apoyo a Siria y su en\u00e9rgica condena a la guerra terrorista que le fue impuesta durante m\u00e1s de diez a\u00f1os.<\/p>\n<p style=\"text-align: justify;\">En una reuni\u00f3n con el Encargado de Negocios de la Embajada de Siria en Cuba, Ali Abbas, con ocasi\u00f3n del 57 aniversario del establecimiento de relaciones entre las dos naciones, el subdirector del Departamento de Relaciones Bilaterales en el Ministerio de Relaciones Exteriores de Cuba, \u00c1ngel Villa Hern\u00e1ndez, afirm\u00f3 el rechazo de su pa\u00eds a todas las medidas coercitivas y reiter\u00f3 la voluntad de su pa\u00eds de brindar toda la ayuda posible a los hermanos en Siria.<\/p>\n<p style=\"text-align: justify;\">Hern\u00e1ndez destac\u00f3 la larga trayectoria de las relaciones entre los dos pa\u00edses, cimentadas en la defensa de los valores de igualdad y justicia, y el trabajo por consolidar la paz y la seguridad internacionales.<\/p>\n<p style=\"text-align: justify;\">Hern\u00e1ndez tambi\u00e9n expres\u00f3 el agradecimiento de su pa\u00eds por el continuo apoyo brindado por Siria a Cuba en foros internacionales, en especial en lo referente al proyecto de resoluci\u00f3n que se presenta anualmente a la Asamblea General de las Naciones Unidas sobre el embargo estadounidense.<\/p>\n<p style=\"text-align: justify;\">Destac\u00f3 la firme voluntad del gobierno cubano de estrechar los lazos de amistad y cooperaci\u00f3n entre los dos pa\u00edses, especialmente ante las situaciones cada vez m\u00e1s complejas ya sea a nivel regional o internacional.<\/p>\n<p style=\"text-align: justify;\">A su vez, Abbas subray\u00f3 que Siria y Cuba fueron capaces de tejer una relaci\u00f3n distinguida que se prolong\u00f3 durante muchas d\u00e9cadas y se fortalecieron a\u00fan m\u00e1s bajo el liderazgo de los presidentes Bashar al-Asad y Miguel D\u00edaz-Canel, lo que tambi\u00e9n se tradujo en la iniciativa del presidente D\u00edaz-Canel de enviar 240.000 dosis de vacuna contra el coronavirus.<\/p>\n<p style=\"text-align: justify;\">Abbas expres\u00f3 la gratitud de Siria por las posiciones de la Rep\u00fablica de Cuba frente a las conspiraciones, especialmente en foros internacionales, y ratific\u00f3 el apoyo de Siria a Cuba frente al injusto bloqueo estadounidense que dura ya varias d\u00e9cadas.<\/p>\n<p style=\"text-align: justify;\">Abbas tambi\u00e9n renov\u00f3 la postura y solidaridad de Siria con el pueblo y gobierno cubanos por los incendios ocurridos en los enormes dep\u00f3sitos de petr\u00f3leo de la ciudad de Matanzas, y expres\u00f3 sus condolencias a las familias de las v\u00edctimas y dese\u00f3 una pronta recuperaci\u00f3n de los heridos.<\/p>\n<p style=\"text-align: justify;\"><em><strong>rsh\/ah<\/strong><\/em><\/p>\n","protected":false},"excerpt":{"rendered":"<p>La Habana, 12 ago (SANA)\u00a0Cuba renov\u00f3 su firme posici\u00f3n de apoyo a Siria y su en\u00e9rgica condena a la guerra terrorista que le fue impuesta durante m\u00e1s de diez a\u00f1os. En una reuni\u00f3n con el Encargado de Negocios de la Embajada de Siria en Cuba, Ali Abbas, con ocasi\u00f3n del 57 aniversario del establecimiento de &hellip;<\/p>\n","protected":false},"author":30,"featured_media":247756,"comment_status":"closed","ping_status":"closed","sticky":false,"template":"","format":"standard","meta":{"footnotes":""},"categories":[477,597,20724,476,467,583,7541],"tags":[],"class_list":["post-247744","post","type-post","status-publish","format-standard","has-post-thumbnail","","category-noticias-edulcorantes","category-cinta-de-noticias","category-minuto-a-minuto","category-locales","category-siria-y-el-mundo","category-slide","category-ultimas-noticias"],"_links":{"self":[{"href":"https:\/\/archive.sana.sy\/es\/index.php?rest_route=\/wp\/v2\/posts\/247744"}],"collection":[{"href":"https:\/\/archive.sana.sy\/es\/index.php?rest_route=\/wp\/v2\/posts"}],"about":[{"href":"https:\/\/archive.sana.sy\/es\/index.php?rest_route=\/wp\/v2\/types\/post"}],"author":[{"embeddable":true,"href":"https:\/\/archive.sana.sy\/es\/index.php?rest_route=\/wp\/v2\/users\/30"}],"replies":[{"embeddable":true,"href":"https:\/\/archive.sana.sy\/es\/index.php?rest_route=%2Fwp%2Fv2%2Fcomments&post=247744"}],"version-history":[{"count":0,"href":"https:\/\/archive.sana.sy\/es\/index.php?rest_route=\/wp\/v2\/posts\/247744\/revisions"}],"wp:featuredmedia":[{"embeddable":true,"href":"https:\/\/archive.sana.sy\/es\/index.php?rest_route=\/wp\/v2\/media\/247756"}],"wp:attachment":[{"href":"https:\/\/archive.sana.sy\/es\/index.php?rest_route=%2Fwp%2Fv2%2Fmedia&parent=247744"}],"wp:term":[{"taxonomy":"category","embeddable":true,"href":"https:\/\/archive.sana.sy\/es\/index.php?rest_route=%2Fwp%2Fv2%2Fcategories&post=247744"},{"taxonomy":"post_tag","embeddable":true,"href":"https:\/\/archive.sana.sy\/es\/index.php?rest_route=%2Fwp%2Fv2%2Ftags&post=247744"}],"curies":[{"name":"wp","href":"https:\/\/api.w.org\/{rel}","templated":true}]}}