{"id":247750,"date":"2022-08-12T18:40:37","date_gmt":"2022-08-12T15:40:37","guid":{"rendered":"http:\/\/107.6.182.27\/es\/?p=247750"},"modified":"2022-08-12T19:49:19","modified_gmt":"2022-08-12T16:49:19","slug":"siria-y-bielorrusia-repasan-cooperacion-cientifica-y-tecnologica","status":"publish","type":"post","link":"https:\/\/archive.sana.sy\/es\/?p=247750","title":{"rendered":"Siria y Bielorrusia repasan cooperaci\u00f3n cient\u00edfica y tecnol\u00f3gica"},"content":{"rendered":"<p style=\"text-align: justify;\"><span style=\"color: #800000;\"><strong>Minsk, 12 ago (SANA) <\/strong><\/span>El embajador sirio en Bielorrusia, Mohammed Amrani, examin\u00f3 con el jefe del Comit\u00e9 Intergubernamental Bielorruso para la Ciencia y la Tecnolog\u00eda, el ministro Sergey Shlitskov, las relaciones de cooperaci\u00f3n en el campo cient\u00edfico y tecnol\u00f3gico y los temas en la agenda del comit\u00e9 conjunto entre los dos pa\u00edses.<\/p>\n<p style=\"text-align: justify;\">Durante su reuni\u00f3n celebrada la v\u00edspera, ambas partes coincidieron en la importancia de fortalecer la cooperaci\u00f3n en el campo cient\u00edfico y tecnol\u00f3gico como uno de los aspectos de las relaciones en curso entre Siria y Bielorrusia.<\/p>\n<p style=\"text-align: justify;\">Asimismo, destacaron la necesidad de que la reuni\u00f3n del comit\u00e9 conjunto logre los objetivos cient\u00edficos y pr\u00e1cticos deseados a trav\u00e9s del intercambio de informaci\u00f3n, experiencias e ideas al respecto.<\/p>\n<p style=\"text-align: justify;\">En su reuni\u00f3n, el Comit\u00e9 examin\u00f3 el desarrollo de relaciones de cooperaci\u00f3n conjunta en las esferas de la ciencia, la tecnolog\u00eda y la innovaci\u00f3n y examin\u00f3 el programa de la sesi\u00f3n sobre la cooperaci\u00f3n en el campo de la transferencia de tecnolog\u00eda en los campos de la agricultura, la alimentaci\u00f3n, la salud, los productos farmac\u00e9uticos y en la esfera de la nanotecnolog\u00eda y la biotecnolog\u00eda.<\/p>\n<p style=\"text-align: justify;\">Al final del trabajo del comit\u00e9, se resalt\u00f3 la importancia de continuar la cooperaci\u00f3n y el intercambio de ideas y experiencias entre las dos partes y el plan de trabajo durante la pr\u00f3xima fase.<\/p>\n<p style=\"text-align: justify;\"><em><strong>ah\/fm<\/strong><\/em><\/p>\n","protected":false},"excerpt":{"rendered":"<p>Minsk, 12 ago (SANA) El embajador sirio en Bielorrusia, Mohammed Amrani, examin\u00f3 con el jefe del Comit\u00e9 Intergubernamental Bielorruso para la Ciencia y la Tecnolog\u00eda, el ministro Sergey Shlitskov, las relaciones de cooperaci\u00f3n en el campo cient\u00edfico y tecnol\u00f3gico y los temas en la agenda del comit\u00e9 conjunto entre los dos pa\u00edses. Durante su reuni\u00f3n &hellip;<\/p>\n","protected":false},"author":30,"featured_media":247751,"comment_status":"closed","ping_status":"closed","sticky":false,"template":"","format":"standard","meta":{"footnotes":""},"categories":[597,20724,467,7541],"tags":[],"class_list":["post-247750","post","type-post","status-publish","format-standard","has-post-thumbnail","","category-cinta-de-noticias","category-minuto-a-minuto","category-siria-y-el-mundo","category-ultimas-noticias"],"_links":{"self":[{"href":"https:\/\/archive.sana.sy\/es\/index.php?rest_route=\/wp\/v2\/posts\/247750"}],"collection":[{"href":"https:\/\/archive.sana.sy\/es\/index.php?rest_route=\/wp\/v2\/posts"}],"about":[{"href":"https:\/\/archive.sana.sy\/es\/index.php?rest_route=\/wp\/v2\/types\/post"}],"author":[{"embeddable":true,"href":"https:\/\/archive.sana.sy\/es\/index.php?rest_route=\/wp\/v2\/users\/30"}],"replies":[{"embeddable":true,"href":"https:\/\/archive.sana.sy\/es\/index.php?rest_route=%2Fwp%2Fv2%2Fcomments&post=247750"}],"version-history":[{"count":0,"href":"https:\/\/archive.sana.sy\/es\/index.php?rest_route=\/wp\/v2\/posts\/247750\/revisions"}],"wp:featuredmedia":[{"embeddable":true,"href":"https:\/\/archive.sana.sy\/es\/index.php?rest_route=\/wp\/v2\/media\/247751"}],"wp:attachment":[{"href":"https:\/\/archive.sana.sy\/es\/index.php?rest_route=%2Fwp%2Fv2%2Fmedia&parent=247750"}],"wp:term":[{"taxonomy":"category","embeddable":true,"href":"https:\/\/archive.sana.sy\/es\/index.php?rest_route=%2Fwp%2Fv2%2Fcategories&post=247750"},{"taxonomy":"post_tag","embeddable":true,"href":"https:\/\/archive.sana.sy\/es\/index.php?rest_route=%2Fwp%2Fv2%2Ftags&post=247750"}],"curies":[{"name":"wp","href":"https:\/\/api.w.org\/{rel}","templated":true}]}}