{"id":247757,"date":"2022-08-12T14:47:10","date_gmt":"2022-08-12T11:47:10","guid":{"rendered":"http:\/\/107.6.182.27\/es\/?p=247757"},"modified":"2023-01-10T15:54:55","modified_gmt":"2023-01-10T13:54:55","slug":"la-armada-del-ocupante-israeli-ataca-a-pescadores-palestinos-en-el-norte-de-gaza","status":"publish","type":"post","link":"https:\/\/archive.sana.sy\/es\/?p=247757","title":{"rendered":"La armada del ocupante israel\u00ed ataca a pescadores palestinos en el norte de Gaza"},"content":{"rendered":"<p style=\"text-align: justify;\"><span style=\"color: #800000;\"><strong>Jerusal\u00e9n ocupada, 12 ago (SANA)<\/strong><\/span>\u00a0 \u00a0Los barcos de guerra de la ocupaci\u00f3n israel\u00ed reanudaron sus ataques contra pescadores palestinos en el noroeste de la Franja de Gaza.<\/p>\n<p style=\"text-align: justify;\">La agencia de noticias Wafa inform\u00f3 que la armada israel\u00ed abri\u00f3 fuego contra los pescadores en frente a las costas norte\u00f1as de Gaza, y los oblig\u00f3 a abandonar el mar.<\/p>\n<p style=\"text-align: justify;\">La v\u00edspera, la armada de ocupaci\u00f3n dispar\u00f3 con ametralladoras y bombas de gas lacrim\u00f3geno contra los pescadores en el mar de Rafah, en el sur de Gaza, oblig\u00e1ndolos a dejar su trabajo.<\/p>\n<p style=\"text-align: justify;\">fm<\/p>\n","protected":false},"excerpt":{"rendered":"<p>Jerusal\u00e9n ocupada, 12 ago (SANA)\u00a0 \u00a0Los barcos de guerra de la ocupaci\u00f3n israel\u00ed reanudaron sus ataques contra pescadores palestinos en el noroeste de la Franja de Gaza. La agencia de noticias Wafa inform\u00f3 que la armada israel\u00ed abri\u00f3 fuego contra los pescadores en frente a las costas norte\u00f1as de Gaza, y los oblig\u00f3 a abandonar &hellip;<\/p>\n","protected":false},"author":34,"featured_media":247758,"comment_status":"closed","ping_status":"closed","sticky":false,"template":"","format":"standard","meta":{"footnotes":""},"categories":[597,456,20724,7541],"tags":[],"class_list":["post-247757","post","type-post","status-publish","format-standard","has-post-thumbnail","","category-cinta-de-noticias","category-arabe-internacional-politica","category-minuto-a-minuto","category-ultimas-noticias"],"_links":{"self":[{"href":"https:\/\/archive.sana.sy\/es\/index.php?rest_route=\/wp\/v2\/posts\/247757"}],"collection":[{"href":"https:\/\/archive.sana.sy\/es\/index.php?rest_route=\/wp\/v2\/posts"}],"about":[{"href":"https:\/\/archive.sana.sy\/es\/index.php?rest_route=\/wp\/v2\/types\/post"}],"author":[{"embeddable":true,"href":"https:\/\/archive.sana.sy\/es\/index.php?rest_route=\/wp\/v2\/users\/34"}],"replies":[{"embeddable":true,"href":"https:\/\/archive.sana.sy\/es\/index.php?rest_route=%2Fwp%2Fv2%2Fcomments&post=247757"}],"version-history":[{"count":0,"href":"https:\/\/archive.sana.sy\/es\/index.php?rest_route=\/wp\/v2\/posts\/247757\/revisions"}],"wp:featuredmedia":[{"embeddable":true,"href":"https:\/\/archive.sana.sy\/es\/index.php?rest_route=\/wp\/v2\/media\/247758"}],"wp:attachment":[{"href":"https:\/\/archive.sana.sy\/es\/index.php?rest_route=%2Fwp%2Fv2%2Fmedia&parent=247757"}],"wp:term":[{"taxonomy":"category","embeddable":true,"href":"https:\/\/archive.sana.sy\/es\/index.php?rest_route=%2Fwp%2Fv2%2Fcategories&post=247757"},{"taxonomy":"post_tag","embeddable":true,"href":"https:\/\/archive.sana.sy\/es\/index.php?rest_route=%2Fwp%2Fv2%2Ftags&post=247757"}],"curies":[{"name":"wp","href":"https:\/\/api.w.org\/{rel}","templated":true}]}}