{"id":247782,"date":"2022-08-12T17:10:23","date_gmt":"2022-08-12T14:10:23","guid":{"rendered":"http:\/\/107.6.182.27\/es\/?p=247782"},"modified":"2023-01-10T15:54:54","modified_gmt":"2023-01-10T13:54:54","slug":"fuerzas-ucranianas-reanudan-bombardeo-contra-la-provincia-rusa-de-kursk-sin-causar-bajas","status":"publish","type":"post","link":"https:\/\/archive.sana.sy\/es\/?p=247782","title":{"rendered":"Fuerzas ucranianas reanudan bombardeo contra la provincia rusa de Kursk sin causar bajas"},"content":{"rendered":"<p style=\"text-align: justify;\"><span style=\"color: #800000;\"><strong>Mosc\u00fa ,12 ago (SANA)<\/strong> <\/span>El gobernador de la provincia rusa de Kursk, Roman Starovit, anunci\u00f3 que las fuerzas ucranianas reanudaron su bombardeo contra el territorio de su gobernaci\u00f3n sin causar bajas.<\/p>\n<p style=\"text-align: justify;\">La agencia de noticias RIA Novosti cit\u00f3 al gobernador diciendo en su canal de Telegram que las fuerzas ucranianas bombardearon el pueblo de Sverdlikovo en el distrito de Sudjansky, donde los proyectiles impactaron contra los patios de las casas habitadas provocando varios incendios, pero sin que se reporten v\u00edctimas.<\/p>\n<p style=\"text-align: justify;\">El pueblo de Sverdlikovo est\u00e1 ubicado en la frontera con la regi\u00f3n de Sumy en Ucrania.<\/p>\n<p style=\"text-align: justify;\">El mes pasado, el Ministerio de Defensa de Rusia declar\u00f3 que las fuerzas ucranianas hab\u00edan bombardeado deliberadamente los territorios de las regiones de Kursk y Belgorod con misiles &#8220;Tochka-U&#8221; y utilizando drones.<\/p>\n<p style=\"text-align: justify;\">fm<\/p>\n<p style=\"text-align: justify;\">\n","protected":false},"excerpt":{"rendered":"<p>Mosc\u00fa ,12 ago (SANA) El gobernador de la provincia rusa de Kursk, Roman Starovit, anunci\u00f3 que las fuerzas ucranianas reanudaron su bombardeo contra el territorio de su gobernaci\u00f3n sin causar bajas. La agencia de noticias RIA Novosti cit\u00f3 al gobernador diciendo en su canal de Telegram que las fuerzas ucranianas bombardearon el pueblo de Sverdlikovo &hellip;<\/p>\n","protected":false},"author":34,"featured_media":247783,"comment_status":"closed","ping_status":"closed","sticky":false,"template":"","format":"standard","meta":{"footnotes":""},"categories":[597,456,20724,7541],"tags":[],"class_list":["post-247782","post","type-post","status-publish","format-standard","has-post-thumbnail","","category-cinta-de-noticias","category-arabe-internacional-politica","category-minuto-a-minuto","category-ultimas-noticias"],"_links":{"self":[{"href":"https:\/\/archive.sana.sy\/es\/index.php?rest_route=\/wp\/v2\/posts\/247782"}],"collection":[{"href":"https:\/\/archive.sana.sy\/es\/index.php?rest_route=\/wp\/v2\/posts"}],"about":[{"href":"https:\/\/archive.sana.sy\/es\/index.php?rest_route=\/wp\/v2\/types\/post"}],"author":[{"embeddable":true,"href":"https:\/\/archive.sana.sy\/es\/index.php?rest_route=\/wp\/v2\/users\/34"}],"replies":[{"embeddable":true,"href":"https:\/\/archive.sana.sy\/es\/index.php?rest_route=%2Fwp%2Fv2%2Fcomments&post=247782"}],"version-history":[{"count":0,"href":"https:\/\/archive.sana.sy\/es\/index.php?rest_route=\/wp\/v2\/posts\/247782\/revisions"}],"wp:featuredmedia":[{"embeddable":true,"href":"https:\/\/archive.sana.sy\/es\/index.php?rest_route=\/wp\/v2\/media\/247783"}],"wp:attachment":[{"href":"https:\/\/archive.sana.sy\/es\/index.php?rest_route=%2Fwp%2Fv2%2Fmedia&parent=247782"}],"wp:term":[{"taxonomy":"category","embeddable":true,"href":"https:\/\/archive.sana.sy\/es\/index.php?rest_route=%2Fwp%2Fv2%2Fcategories&post=247782"},{"taxonomy":"post_tag","embeddable":true,"href":"https:\/\/archive.sana.sy\/es\/index.php?rest_route=%2Fwp%2Fv2%2Ftags&post=247782"}],"curies":[{"name":"wp","href":"https:\/\/api.w.org\/{rel}","templated":true}]}}