{"id":247788,"date":"2022-08-12T09:45:09","date_gmt":"2022-08-12T06:45:09","guid":{"rendered":"http:\/\/107.6.182.27\/es\/?p=247788"},"modified":"2023-01-10T15:54:56","modified_gmt":"2023-01-10T13:54:56","slug":"al-menos-2000-militares-y-neonazis-eliminados-en-ataques-aereos-rusos-contra-la-14a-brigada-de-las-fuerzas-ucranianas","status":"publish","type":"post","link":"https:\/\/archive.sana.sy\/es\/?p=247788","title":{"rendered":"Al menos 2000 militares y neonazis eliminados en ataques a\u00e9reos rusos contra la 14\u00aa brigada de las fuerzas ucranianas"},"content":{"rendered":"<p style=\"text-align: justify;\"><span style=\"color: #800000;\"><strong>Mosc\u00fa, 12 ago (SANA)\u00a0<\/strong><\/span> \u00a0\u201cLas fuerzas rusas infligieron grandes p\u00e9rdidas en personal y equipo militar a la 14\u00aa brigada mecanizada de las Fuerzas Ucranianas, donde neutralizaron m\u00e1s de 2000 efectivos\u201d inform\u00f3 el Ministerio de Defensa de Rusa en su actualizaci\u00f3n diaria sobre la operaci\u00f3n militar especial en Ucrania.<\/p>\n<p style=\"text-align: justify;\">Agreg\u00f3 que los remanentes del personal de la brigada fueron retirados por el comando ucraniano a las \u00e1reas de retaguardia.<\/p>\n<p style=\"text-align: justify;\">En el mismo contexto, las fuerzas aeroespaciales rusas eliminaron con armas de alta precisi\u00f3n el 70 por cientos del personal militar de la 56\u00aa brigada de infanter\u00eda motorizada del ej\u00e9rcito ucraniano en Donetsk.<\/p>\n<p style=\"text-align: justify;\">Tambi\u00e9n, fueron liquidados 100 militantes neonazis, y nueve unidades de equipo militar fueron destruidos por un ataque de alta precisi\u00f3n de las Fuerzas Aeroespaciales Rusas contra el punto de despliegue temporal de la 28\u00aa brigada mecanizada de las Fuerzas Armadas de Ucrania.<\/p>\n<p style=\"text-align: justify;\">De igual manera, las p\u00e9rdidas del 3er batall\u00f3n de la 66\u00aa brigada mecanizada ascendieron a m\u00e1s del 50% en personal y equipo militar como resultado de los ataques de fuego concentrados contra las posiciones de combate de los ultranacionalistas ucranianos en Maryinka de la Rep\u00fablica Popular de Donetsk.<\/p>\n<p style=\"text-align: justify;\">En el \u00e1rea del asentamiento de Zaitsevo de la Rep\u00fablica Popular de Donetsk, hasta 40 ultranacionalistas fueron neutralizados y cinco veh\u00edculos destruidos en ataques rusos contra un basti\u00f3n de la 58\u00aa brigada de infanter\u00eda motorizada.<\/p>\n<p style=\"text-align: justify;\">fm\/rr<\/p>\n","protected":false},"excerpt":{"rendered":"<p>Mosc\u00fa, 12 ago (SANA)\u00a0 \u00a0\u201cLas fuerzas rusas infligieron grandes p\u00e9rdidas en personal y equipo militar a la 14\u00aa brigada mecanizada de las Fuerzas Ucranianas, donde neutralizaron m\u00e1s de 2000 efectivos\u201d inform\u00f3 el Ministerio de Defensa de Rusa en su actualizaci\u00f3n diaria sobre la operaci\u00f3n militar especial en Ucrania. Agreg\u00f3 que los remanentes del personal de &hellip;<\/p>\n","protected":false},"author":31,"featured_media":247791,"comment_status":"closed","ping_status":"closed","sticky":false,"template":"","format":"standard","meta":{"footnotes":""},"categories":[597,456,583],"tags":[],"class_list":["post-247788","post","type-post","status-publish","format-standard","has-post-thumbnail","","category-cinta-de-noticias","category-arabe-internacional-politica","category-slide"],"_links":{"self":[{"href":"https:\/\/archive.sana.sy\/es\/index.php?rest_route=\/wp\/v2\/posts\/247788"}],"collection":[{"href":"https:\/\/archive.sana.sy\/es\/index.php?rest_route=\/wp\/v2\/posts"}],"about":[{"href":"https:\/\/archive.sana.sy\/es\/index.php?rest_route=\/wp\/v2\/types\/post"}],"author":[{"embeddable":true,"href":"https:\/\/archive.sana.sy\/es\/index.php?rest_route=\/wp\/v2\/users\/31"}],"replies":[{"embeddable":true,"href":"https:\/\/archive.sana.sy\/es\/index.php?rest_route=%2Fwp%2Fv2%2Fcomments&post=247788"}],"version-history":[{"count":0,"href":"https:\/\/archive.sana.sy\/es\/index.php?rest_route=\/wp\/v2\/posts\/247788\/revisions"}],"wp:featuredmedia":[{"embeddable":true,"href":"https:\/\/archive.sana.sy\/es\/index.php?rest_route=\/wp\/v2\/media\/247791"}],"wp:attachment":[{"href":"https:\/\/archive.sana.sy\/es\/index.php?rest_route=%2Fwp%2Fv2%2Fmedia&parent=247788"}],"wp:term":[{"taxonomy":"category","embeddable":true,"href":"https:\/\/archive.sana.sy\/es\/index.php?rest_route=%2Fwp%2Fv2%2Fcategories&post=247788"},{"taxonomy":"post_tag","embeddable":true,"href":"https:\/\/archive.sana.sy\/es\/index.php?rest_route=%2Fwp%2Fv2%2Ftags&post=247788"}],"curies":[{"name":"wp","href":"https:\/\/api.w.org\/{rel}","templated":true}]}}