{"id":247792,"date":"2022-08-12T18:35:46","date_gmt":"2022-08-12T15:35:46","guid":{"rendered":"http:\/\/107.6.182.27\/es\/?p=247792"},"modified":"2023-01-10T15:54:53","modified_gmt":"2023-01-10T13:54:53","slug":"las-gestiones-de-blinken-en-africa-nacieron-condenadas-al-aborto","status":"publish","type":"post","link":"https:\/\/archive.sana.sy\/es\/?p=247792","title":{"rendered":"Las gestiones de Blinken en \u00c1frica nacieron condenadas al aborto"},"content":{"rendered":"<blockquote>\n<p style=\"text-align: justify;\"><strong>En \u00c1frica aun resuenan las palabras del exmandatario estadounidense Donald Trump, quien calific\u00f3 a los estados africanos de \u201cpa\u00edses letrina\u00bb y las canciller\u00edas africanas saben de la continuidad de la pol\u00edtica exterior de Washington, sean republicanos o dem\u00f3cratas quienes ocupen la Casa Blanca.<\/strong><\/p>\n<\/blockquote>\n<p style=\"text-align: justify;\"><span style=\"color: #800000;\"><strong>Damasco, 12 ago (SANA)\u00a0<\/strong><\/span> \u00a0A juzgar por sus magros resultados, el secretario de Estado estadounidense, Anthony Blinken, tiene hoy poco que contar tras la gira que culmin\u00f3 en Ruanda y lo llev\u00f3 a otros dos pa\u00edses africanos.<br \/>\nAunque el anuncio oficial del recorrido del funcionario aludi\u00f3 a la intenci\u00f3n de reforzar los lazos de Washington con el continente, result\u00f3 evidente la intenci\u00f3n de contrarrestar los efectos del itinerario por la misma zona del canciller ruso, Sergu\u00e9i Lavrov, apenas unas semanas antes.<\/p>\n<p style=\"text-align: justify;\">Lavrov visit\u00f3 Egipto, Etiop\u00eda, Uganda y Rep\u00fablica Democr\u00e1tica del Congo (RDC) y concert\u00f3 acuerdos de cooperaci\u00f3n sobre el favorable tel\u00f3n de fondo de la mayoritaria negativa africana a escuchar la intervenci\u00f3n del presidente ucraniano, Vladimir Zelensky, ante la cumbre de la Uni\u00f3n Africana de fines de junio pasado.<\/p>\n<p style=\"text-align: justify;\">Poco antes de emprender camino, Lavrov record\u00f3 en entrevista con la televisi\u00f3n rusa que la extinta Uni\u00f3n Sovi\u00e9tica fue un apoyo firme a la descolonizaci\u00f3n de \u00c1frica, en contraste con el apoyo estadounidense a las metr\u00f3polis europeas, todas miembros de la Organizaci\u00f3n del Tratado del Atl\u00e1ntico Norte.<\/p>\n<p style=\"text-align: justify;\">El funcionario estadounidense hizo una primera escala en Sud\u00e1frica para recabar apoyo a la estrategia de su pa\u00eds sobre Ucrania contra Rusia, pero solo consigui\u00f3 que su hom\u00f3loga del pa\u00eds austral le recordara que los palestinos, al igual que los ucranianos, \u201cmerecen su territorio y su libertad\u201d.<\/p>\n<p style=\"text-align: justify;\">La afirmaci\u00f3n evidenci\u00f3 que Sud\u00e1frica tiene presente que Estados Unidos apoy\u00f3 hasta \u00faltimo momento al r\u00e9gimen de minor\u00eda blanca y que su aliado estrat\u00e9gico en Levante, Israel, tuvo una cooperaci\u00f3n estrecha con el extinto gobierno minoritario blanco.<\/p>\n<p style=\"text-align: justify;\">El nexo entre la Pretoria del apartheid y Tel Aviv incluy\u00f3 la colaboraci\u00f3n nuclear, denunciada por Nelson Mandela, el primer presidente negro del pa\u00eds, quien la suspendi\u00f3 tan pronto asumi\u00f3 el cargo.<\/p>\n<p style=\"text-align: justify;\">A\u00f1os despu\u00e9s del deceso del r\u00e9gimen racista sudafricano es com\u00fan ver en las consignas de manifestantes contra la ocupaci\u00f3n militar de Cisjordania y las frecuentes agresiones militares contra la Franja de Gaza, pancartas que acusan al gobierno israel\u00ed de implantar el apartheid en esos territorios palestinos.<\/p>\n<p style=\"text-align: justify;\">En sus estancias en Rep\u00fablica Democr\u00e1tica del Congo y Ruanda, Blinken trat\u00f3 de elaborar una f\u00f3rmula salom\u00f3nica sobre el conflicto entre ambos estados africanos colindantes por los alegados respectivos apoyos a movimientos hutus y tutsis que operan en el noreste de ese pa\u00eds.<\/p>\n<p style=\"text-align: justify;\">Durante la rueda de prensa con su anfitri\u00f3n congole\u00f1o Blinken reparti\u00f3 la culpa a raciones iguales cuando afirm\u00f3 que \u201chay informes cre\u00edbles de apoyo de todas las partes a los grupos armados (\u2026) Nuestra postura es clara, quienquiera que sea, (ese respaldo) a cualquier grupo armado debe cesar\u201d.<\/p>\n<p style=\"text-align: justify;\">El juicio fue reutilizado de manera textual durante su entrevista con el canciller ruand\u00e9s, Vincent Biruta, quien respondi\u00f3 que \u201clo que el gobierno de Ruanda pueda hacer en la Rep\u00fablica Democr\u00e1tica del Congo (\u2026) ser\u00e1 para apoyar a nuestro pueblo y nuestra integridad territorial\u00bb.<\/p>\n<p style=\"text-align: justify;\">En resumen, la crisis permanece inerte y la tibieza estadounidense no satisfizo a ninguna de las partes, como suele ocurrir en estos casos.<\/p>\n<p style=\"text-align: justify;\">En el noreste de la RDC operan los movimientos armados M23, integrados, el primero por miembros de la etnia tutsi; y el Frente Democr\u00e1tico para la Liberaci\u00f3n de Ruanda, por hutus, remanentes del genocidio ocurrido en Ruanda a mediados de 1994.<\/p>\n<p style=\"text-align: justify;\">Por si fuera poco, en \u00c1frica aun resuenan las palabras del exmandatario estadounidense Donald Trump, quien calific\u00f3 a los estados africanos de \u201cpa\u00edses letrina\u00bb y las canciller\u00edas africanas saben de la continuidad de la pol\u00edtica exterior de Washington, sean republicanos o dem\u00f3cratas quienes ocupen la Casa Blanca.<\/p>\n<p style=\"text-align: justify;\">Por ello y en aras de la objetividad es preciso entender que, con esos antecedentes, las gestiones de Blinken nacieron condenadas al aborto.<\/p>\n<p style=\"text-align: justify;\"><span style=\"color: #0000ff;\"><strong>Fuente: Prensa Latina<\/strong><\/span><\/p>\n","protected":false},"excerpt":{"rendered":"<p>En \u00c1frica aun resuenan las palabras del exmandatario estadounidense Donald Trump, quien calific\u00f3 a los estados africanos de \u201cpa\u00edses letrina\u00bb y las canciller\u00edas africanas saben de la continuidad de la pol\u00edtica exterior de Washington, sean republicanos o dem\u00f3cratas quienes ocupen la Casa Blanca. Damasco, 12 ago (SANA)\u00a0 \u00a0A juzgar por sus magros resultados, el secretario &hellip;<\/p>\n","protected":false},"author":31,"featured_media":247793,"comment_status":"closed","ping_status":"closed","sticky":false,"template":"","format":"standard","meta":{"footnotes":""},"categories":[16929,456,7541],"tags":[],"class_list":["post-247792","post","type-post","status-publish","format-standard","has-post-thumbnail","","category-articulos-de-opinion","category-arabe-internacional-politica","category-ultimas-noticias"],"_links":{"self":[{"href":"https:\/\/archive.sana.sy\/es\/index.php?rest_route=\/wp\/v2\/posts\/247792"}],"collection":[{"href":"https:\/\/archive.sana.sy\/es\/index.php?rest_route=\/wp\/v2\/posts"}],"about":[{"href":"https:\/\/archive.sana.sy\/es\/index.php?rest_route=\/wp\/v2\/types\/post"}],"author":[{"embeddable":true,"href":"https:\/\/archive.sana.sy\/es\/index.php?rest_route=\/wp\/v2\/users\/31"}],"replies":[{"embeddable":true,"href":"https:\/\/archive.sana.sy\/es\/index.php?rest_route=%2Fwp%2Fv2%2Fcomments&post=247792"}],"version-history":[{"count":0,"href":"https:\/\/archive.sana.sy\/es\/index.php?rest_route=\/wp\/v2\/posts\/247792\/revisions"}],"wp:featuredmedia":[{"embeddable":true,"href":"https:\/\/archive.sana.sy\/es\/index.php?rest_route=\/wp\/v2\/media\/247793"}],"wp:attachment":[{"href":"https:\/\/archive.sana.sy\/es\/index.php?rest_route=%2Fwp%2Fv2%2Fmedia&parent=247792"}],"wp:term":[{"taxonomy":"category","embeddable":true,"href":"https:\/\/archive.sana.sy\/es\/index.php?rest_route=%2Fwp%2Fv2%2Fcategories&post=247792"},{"taxonomy":"post_tag","embeddable":true,"href":"https:\/\/archive.sana.sy\/es\/index.php?rest_route=%2Fwp%2Fv2%2Ftags&post=247792"}],"curies":[{"name":"wp","href":"https:\/\/api.w.org\/{rel}","templated":true}]}}