{"id":24780,"date":"2015-06-09T17:20:54","date_gmt":"2015-06-09T14:20:54","guid":{"rendered":"http:\/\/sana.sy\/es\/?p=24780"},"modified":"2023-01-10T15:29:09","modified_gmt":"2023-01-10T13:29:09","slug":"nuevo-decreto-presidencial-exonera-las-vacas-lecheras-importadas-de-los-aranceles-e-impuestos","status":"publish","type":"post","link":"https:\/\/archive.sana.sy\/es\/?p=24780","title":{"rendered":"Nuevo decreto presidencial exonera las vacas lecheras importadas de los aranceles e impuestos"},"content":{"rendered":"<p><span style=\"color: #800000\">Damasco, SANA<\/span><\/p>\n<p>El presidente Bashar al-Assad emiti\u00f3 este martes el decreto legislativo No. 30 para el a\u00f1o 2015, el cual estipula exonerar las vacas lecheras importadas de los impuestos y los derechos arancelares.<\/p>\n<p>En declaraciones a la agencia SANA, el vicecanciller de Agricultura y Reforma Agraria, Ahmad Kadish se\u00f1al\u00f3 que este decreto contribuir\u00e1 a alentar a los ganaderos de comparar las vacas lecheras despu\u00e9s de que la ganader\u00eda de Siria sufri\u00f3 grandes da\u00f1os debido a los actos de sabotaje y saqueos cometidos por las organizaciones terroristas.<br \/>\nLynn A.<\/p>\n","protected":false},"excerpt":{"rendered":"<p>Damasco, SANA El presidente Bashar al-Assad emiti\u00f3 este martes el decreto legislativo No. 30 para el a\u00f1o 2015, el cual estipula exonerar las vacas lecheras importadas de los impuestos y los derechos arancelares. En declaraciones a la agencia SANA, el vicecanciller de Agricultura y Reforma Agraria, Ahmad Kadish se\u00f1al\u00f3 que este decreto contribuir\u00e1 a alentar &hellip;<\/p>\n","protected":false},"author":24,"featured_media":3183,"comment_status":"closed","ping_status":"closed","sticky":false,"template":"","format":"standard","meta":{"footnotes":""},"categories":[447,485,626],"tags":[5579],"class_list":["post-24780","post","type-post","status-publish","format-standard","has-post-thumbnail","","category-local-politica","category-informes-negocios-y-finanzas","category-sr-presidente","tag-nuevo-decreto-presidencial-exonera-las-vacas-lecheras-importadas-de-los-aranceles-e-impuestos"],"_links":{"self":[{"href":"https:\/\/archive.sana.sy\/es\/index.php?rest_route=\/wp\/v2\/posts\/24780"}],"collection":[{"href":"https:\/\/archive.sana.sy\/es\/index.php?rest_route=\/wp\/v2\/posts"}],"about":[{"href":"https:\/\/archive.sana.sy\/es\/index.php?rest_route=\/wp\/v2\/types\/post"}],"author":[{"embeddable":true,"href":"https:\/\/archive.sana.sy\/es\/index.php?rest_route=\/wp\/v2\/users\/24"}],"replies":[{"embeddable":true,"href":"https:\/\/archive.sana.sy\/es\/index.php?rest_route=%2Fwp%2Fv2%2Fcomments&post=24780"}],"version-history":[{"count":0,"href":"https:\/\/archive.sana.sy\/es\/index.php?rest_route=\/wp\/v2\/posts\/24780\/revisions"}],"wp:featuredmedia":[{"embeddable":true,"href":"https:\/\/archive.sana.sy\/es\/index.php?rest_route=\/wp\/v2\/media\/3183"}],"wp:attachment":[{"href":"https:\/\/archive.sana.sy\/es\/index.php?rest_route=%2Fwp%2Fv2%2Fmedia&parent=24780"}],"wp:term":[{"taxonomy":"category","embeddable":true,"href":"https:\/\/archive.sana.sy\/es\/index.php?rest_route=%2Fwp%2Fv2%2Fcategories&post=24780"},{"taxonomy":"post_tag","embeddable":true,"href":"https:\/\/archive.sana.sy\/es\/index.php?rest_route=%2Fwp%2Fv2%2Ftags&post=24780"}],"curies":[{"name":"wp","href":"https:\/\/api.w.org\/{rel}","templated":true}]}}