{"id":247810,"date":"2022-08-12T20:47:33","date_gmt":"2022-08-12T17:47:33","guid":{"rendered":"http:\/\/107.6.182.27\/es\/?p=247810"},"modified":"2023-01-10T15:54:53","modified_gmt":"2023-01-10T13:54:53","slug":"pekin-insta-a-pelosi-a-visitar-afganistan-irak-y-siria-para-que-pida-perdon-por-los-crimenes-de-su-pais","status":"publish","type":"post","link":"https:\/\/archive.sana.sy\/es\/?p=247810","title":{"rendered":"Pek\u00edn insta a Pelosi a visitar Afganist\u00e1n, Irak y Siria para que pida perd\u00f3n por los cr\u00edmenes de su pa\u00eds"},"content":{"rendered":"<p style=\"text-align: justify;\"><span style=\"color: #800000;\"><strong>Pek\u00edn, 12 ago (SANA)\u00a0<\/strong><\/span> \u00a0El portavoz del Ministerio de Relaciones Exteriores de China, Wang Wenbin, inst\u00f3 hoy a la presidenta de la C\u00e1mara de Representantes de Estados Unidos, Nancy Pelosi, a visitar Afganist\u00e1n, Irak, Siria y Libia para que pida perd\u00f3n por los cr\u00edmenes de su pa\u00eds.<\/p>\n<p style=\"text-align: justify;\">&#8220;Si Pelosi realmente se preocupa por la democracia y los derechos humanos, deber\u00eda visitar Afganist\u00e1n, Irak, Siria y Libia para expresar remordimiento por las personas inocentes que fueron asesinadas por el Ej\u00e9rcito de EE.UU.&#8221;, inform\u00f3 Global Times.<\/p>\n<p style=\"text-align: justify;\">Wang realiz\u00f3 estas declaraciones en relaci\u00f3n con los primeros comentarios de Pelosi a la prensa estadounidense, en los que la congresista calific\u00f3 a Taiw\u00e1n como &#8220;una de las democracias m\u00e1s libres&#8221;.<\/p>\n<p style=\"text-align: justify;\">fm\/rr<\/p>\n","protected":false},"excerpt":{"rendered":"<p>Pek\u00edn, 12 ago (SANA)\u00a0 \u00a0El portavoz del Ministerio de Relaciones Exteriores de China, Wang Wenbin, inst\u00f3 hoy a la presidenta de la C\u00e1mara de Representantes de Estados Unidos, Nancy Pelosi, a visitar Afganist\u00e1n, Irak, Siria y Libia para que pida perd\u00f3n por los cr\u00edmenes de su pa\u00eds. &#8220;Si Pelosi realmente se preocupa por la democracia &hellip;<\/p>\n","protected":false},"author":31,"featured_media":247811,"comment_status":"closed","ping_status":"closed","sticky":false,"template":"","format":"standard","meta":{"footnotes":""},"categories":[456],"tags":[],"class_list":["post-247810","post","type-post","status-publish","format-standard","has-post-thumbnail","","category-arabe-internacional-politica"],"_links":{"self":[{"href":"https:\/\/archive.sana.sy\/es\/index.php?rest_route=\/wp\/v2\/posts\/247810"}],"collection":[{"href":"https:\/\/archive.sana.sy\/es\/index.php?rest_route=\/wp\/v2\/posts"}],"about":[{"href":"https:\/\/archive.sana.sy\/es\/index.php?rest_route=\/wp\/v2\/types\/post"}],"author":[{"embeddable":true,"href":"https:\/\/archive.sana.sy\/es\/index.php?rest_route=\/wp\/v2\/users\/31"}],"replies":[{"embeddable":true,"href":"https:\/\/archive.sana.sy\/es\/index.php?rest_route=%2Fwp%2Fv2%2Fcomments&post=247810"}],"version-history":[{"count":0,"href":"https:\/\/archive.sana.sy\/es\/index.php?rest_route=\/wp\/v2\/posts\/247810\/revisions"}],"wp:featuredmedia":[{"embeddable":true,"href":"https:\/\/archive.sana.sy\/es\/index.php?rest_route=\/wp\/v2\/media\/247811"}],"wp:attachment":[{"href":"https:\/\/archive.sana.sy\/es\/index.php?rest_route=%2Fwp%2Fv2%2Fmedia&parent=247810"}],"wp:term":[{"taxonomy":"category","embeddable":true,"href":"https:\/\/archive.sana.sy\/es\/index.php?rest_route=%2Fwp%2Fv2%2Fcategories&post=247810"},{"taxonomy":"post_tag","embeddable":true,"href":"https:\/\/archive.sana.sy\/es\/index.php?rest_route=%2Fwp%2Fv2%2Ftags&post=247810"}],"curies":[{"name":"wp","href":"https:\/\/api.w.org\/{rel}","templated":true}]}}