{"id":24783,"date":"2015-06-09T17:46:24","date_gmt":"2015-06-09T14:46:24","guid":{"rendered":"http:\/\/sana.sy\/es\/?p=24783"},"modified":"2015-06-09T17:46:24","modified_gmt":"2015-06-09T14:46:24","slug":"haidar-la-reconciliacion-en-el-barrio-de-al-waer-se-llevo-a-cabo-tecnicamente","status":"publish","type":"post","link":"https:\/\/archive.sana.sy\/es\/?p=24783","title":{"rendered":"Haidar: la reconciliaci\u00f3n en el barrio de al-Waer se llev\u00f3 a cabo t\u00e9cnicamente"},"content":{"rendered":"<p>Damasco, SANA<\/p>\n<p>El ministro del Estado para Asuntos de Reconciliaci\u00f3n Nacional, Ali Haidar recalc\u00f3 que la reconciliaci\u00f3n en el barrio de al-Waer en la ciudad de Homs se llev\u00f3 a cabo desde un punto de vista t\u00e9cnico, agregando que este proceso ser\u00e1 seguido de otros iguales en Addar al-Kabira, Deir Maala, al-Ghanto, y luego en Houla y Talbisa.<\/p>\n<p>Estas declaraciones se produjeron este martes durante una intervenci\u00f3n del titular de Reconciliaci\u00f3n ante la Asamblea del Pueblo.<\/p>\n<p>Haidar aclar\u00f3 que el asunto de reintegraci\u00f3n de los armados en la sociedad es un proyecto que necesita mucho tiempo, as\u00ed como aludi\u00f3 a la exitosa reconciliaci\u00f3n que se hab\u00eda realizado en la localidad de Hussainiya en Damasco-campo. \u201cLos habitantes de dicha localidad volver\u00e1n a sus hogares en pocos d\u00edas despu\u00e9s de rehabilitar la infraestructura de la misma.<br \/>\nLynn A.<\/p>\n","protected":false},"excerpt":{"rendered":"<p>Damasco, SANA El ministro del Estado para Asuntos de Reconciliaci\u00f3n Nacional, Ali Haidar recalc\u00f3 que la reconciliaci\u00f3n en el barrio de al-Waer en la ciudad de Homs se llev\u00f3 a cabo desde un punto de vista t\u00e9cnico, agregando que este proceso ser\u00e1 seguido de otros iguales en Addar al-Kabira, Deir Maala, al-Ghanto, y luego en &hellip;<\/p>\n","protected":false},"author":24,"featured_media":8600,"comment_status":"closed","ping_status":"closed","sticky":false,"template":"","format":"standard","meta":{"footnotes":""},"categories":[477,476],"tags":[5580],"class_list":["post-24783","post","type-post","status-publish","format-standard","has-post-thumbnail","","category-noticias-edulcorantes","category-locales","tag-haidar-la-reconciliacion-en-el-barrio-de-al-waer-se-llevo-a-cabo-tecnicamente"],"_links":{"self":[{"href":"https:\/\/archive.sana.sy\/es\/index.php?rest_route=\/wp\/v2\/posts\/24783"}],"collection":[{"href":"https:\/\/archive.sana.sy\/es\/index.php?rest_route=\/wp\/v2\/posts"}],"about":[{"href":"https:\/\/archive.sana.sy\/es\/index.php?rest_route=\/wp\/v2\/types\/post"}],"author":[{"embeddable":true,"href":"https:\/\/archive.sana.sy\/es\/index.php?rest_route=\/wp\/v2\/users\/24"}],"replies":[{"embeddable":true,"href":"https:\/\/archive.sana.sy\/es\/index.php?rest_route=%2Fwp%2Fv2%2Fcomments&post=24783"}],"version-history":[{"count":0,"href":"https:\/\/archive.sana.sy\/es\/index.php?rest_route=\/wp\/v2\/posts\/24783\/revisions"}],"wp:featuredmedia":[{"embeddable":true,"href":"https:\/\/archive.sana.sy\/es\/index.php?rest_route=\/wp\/v2\/media\/8600"}],"wp:attachment":[{"href":"https:\/\/archive.sana.sy\/es\/index.php?rest_route=%2Fwp%2Fv2%2Fmedia&parent=24783"}],"wp:term":[{"taxonomy":"category","embeddable":true,"href":"https:\/\/archive.sana.sy\/es\/index.php?rest_route=%2Fwp%2Fv2%2Fcategories&post=24783"},{"taxonomy":"post_tag","embeddable":true,"href":"https:\/\/archive.sana.sy\/es\/index.php?rest_route=%2Fwp%2Fv2%2Ftags&post=24783"}],"curies":[{"name":"wp","href":"https:\/\/api.w.org\/{rel}","templated":true}]}}