{"id":24785,"date":"2015-06-09T19:25:20","date_gmt":"2015-06-09T16:25:20","guid":{"rendered":"http:\/\/sana.sy\/es\/?p=24785"},"modified":"2015-06-09T19:25:20","modified_gmt":"2015-06-09T16:25:20","slug":"detenidos-5-presuntos-terroristas-islamistas-en-belgica","status":"publish","type":"post","link":"https:\/\/archive.sana.sy\/es\/?p=24785","title":{"rendered":"Detenidos 5 presuntos terroristas islamistas en B\u00e9lgica"},"content":{"rendered":"<p><span style=\"color: #800000\">Bruselas-SANA<\/span><\/p>\n<p style=\"text-align: justify\">La Polic\u00eda belga ha detenido este martes a 5 presuntos terroristas islamistas que pretend\u00edan reclutar a personas para incorporarse a los grupos yihadistas en Siria.<\/p>\n<p style=\"text-align: justify\">En el mismo contexto, la polic\u00eda belga ha detenido el lunes a 16 presuntos terroristas islamistas, la mayor\u00eda de origen checheno, en una serie de operaciones que han culminado dos investigaciones judiciales sobre dos grupos, uno que pretend\u00eda reclutar a voluntarios para sumarse a los grupos yihadistas en Siria y otro que podr\u00eda estar preparando atentados en la propia B\u00e9lgica, seg\u00fan la agencia noticiosa italiana.<\/p>\n<p style=\"text-align: justify\">En total se han producido 21 intervenciones policiales contra dos grupos, uno de ellos con sede en la ciudad de Ostende, en la costa belga, y el otro ubicado cerca de la ciudad universitaria de Lovaina.<\/p>\n<p style=\"text-align: justify\">B\u00e9lgica calcula que unas 350 personas han abandonado el pa\u00eds para combatir junto a grupos como Estado Isl\u00e1mico en Siria de Irak. Algunos de ellos estar\u00edan planeando ataques a su vuelta a suelo europeo, una amenaza especialmente de actualidad tras los ataques de Francia.<\/p>\n<p>M.Miri<\/p>\n","protected":false},"excerpt":{"rendered":"<p>Bruselas-SANA La Polic\u00eda belga ha detenido este martes a 5 presuntos terroristas islamistas que pretend\u00edan reclutar a personas para incorporarse a los grupos yihadistas en Siria. En el mismo contexto, la polic\u00eda belga ha detenido el lunes a 16 presuntos terroristas islamistas, la mayor\u00eda de origen checheno, en una serie de operaciones que han culminado &hellip;<\/p>\n","protected":false},"author":1,"featured_media":24786,"comment_status":"closed","ping_status":"closed","sticky":false,"template":"","format":"standard","meta":{"footnotes":""},"categories":[456,457,576],"tags":[5581],"class_list":["post-24785","post","type-post","status-publish","format-standard","has-post-thumbnail","","category-arabe-internacional-politica","category-noticias-arabe-internacional-politica","category-noticias-politicas","tag-detenidos-5-presuntos-terroristas-islamistas-en-belgica"],"_links":{"self":[{"href":"https:\/\/archive.sana.sy\/es\/index.php?rest_route=\/wp\/v2\/posts\/24785"}],"collection":[{"href":"https:\/\/archive.sana.sy\/es\/index.php?rest_route=\/wp\/v2\/posts"}],"about":[{"href":"https:\/\/archive.sana.sy\/es\/index.php?rest_route=\/wp\/v2\/types\/post"}],"author":[{"embeddable":true,"href":"https:\/\/archive.sana.sy\/es\/index.php?rest_route=\/wp\/v2\/users\/1"}],"replies":[{"embeddable":true,"href":"https:\/\/archive.sana.sy\/es\/index.php?rest_route=%2Fwp%2Fv2%2Fcomments&post=24785"}],"version-history":[{"count":0,"href":"https:\/\/archive.sana.sy\/es\/index.php?rest_route=\/wp\/v2\/posts\/24785\/revisions"}],"wp:featuredmedia":[{"embeddable":true,"href":"https:\/\/archive.sana.sy\/es\/index.php?rest_route=\/wp\/v2\/media\/24786"}],"wp:attachment":[{"href":"https:\/\/archive.sana.sy\/es\/index.php?rest_route=%2Fwp%2Fv2%2Fmedia&parent=24785"}],"wp:term":[{"taxonomy":"category","embeddable":true,"href":"https:\/\/archive.sana.sy\/es\/index.php?rest_route=%2Fwp%2Fv2%2Fcategories&post=24785"},{"taxonomy":"post_tag","embeddable":true,"href":"https:\/\/archive.sana.sy\/es\/index.php?rest_route=%2Fwp%2Fv2%2Ftags&post=24785"}],"curies":[{"name":"wp","href":"https:\/\/api.w.org\/{rel}","templated":true}]}}