{"id":247854,"date":"2022-08-13T11:42:15","date_gmt":"2022-08-13T08:42:15","guid":{"rendered":"http:\/\/107.6.182.27\/es\/?p=247854"},"modified":"2023-01-10T15:54:52","modified_gmt":"2023-01-10T13:54:52","slug":"fuerzas-israelies-atacan-a-agricultores-palestinos-al-sur-de-la-franja-de-gaza","status":"publish","type":"post","link":"https:\/\/archive.sana.sy\/es\/?p=247854","title":{"rendered":"Fuerzas israel\u00edes atacan a agricultores palestinos al sur de la Franja de Gaza"},"content":{"rendered":"<p style=\"text-align: justify;\"><span style=\"color: #800000;\"><strong>Jerusal\u00e9n ocupada, 13 ago (SANA) <\/strong><\/span>Las fuerzas del ocupante israel\u00ed renovaron esta ma\u00f1ana sus agresiones contra los palestinos al este de la ciudad de Khan Younis, al sur de la sitiada Franja de Gaza.<\/p>\n<p style=\"text-align: justify;\">Seg\u00fan inform\u00f3 la agencia palestina Wafa, las tropas sionistas estacionadas al este de Khan Younis dispararon botes de gas lacrim\u00f3geno contra los agricultores palestinos mientras trabajaban en sus tierras en la localidad de al-Sanati y los obligaron a abandonar el lugar.<\/p>\n<p style=\"text-align: justify;\">La v\u00edspera, decenas de palestinos, incluidos ni\u00f1os, resultaron heridos debido a los ataques de las fuerzas de ocupaci\u00f3n israel\u00edes en la ciudad de Huwwara, al sur de la ciudad cisjordana de Naplusa.<\/p>\n<p style=\"text-align: justify;\"><em><strong>ah\/rsh<\/strong><\/em><\/p>\n","protected":false},"excerpt":{"rendered":"<p>Jerusal\u00e9n ocupada, 13 ago (SANA) Las fuerzas del ocupante israel\u00ed renovaron esta ma\u00f1ana sus agresiones contra los palestinos al este de la ciudad de Khan Younis, al sur de la sitiada Franja de Gaza. Seg\u00fan inform\u00f3 la agencia palestina Wafa, las tropas sionistas estacionadas al este de Khan Younis dispararon botes de gas lacrim\u00f3geno contra &hellip;<\/p>\n","protected":false},"author":30,"featured_media":247856,"comment_status":"closed","ping_status":"closed","sticky":false,"template":"","format":"standard","meta":{"footnotes":""},"categories":[597,456,20724],"tags":[],"class_list":["post-247854","post","type-post","status-publish","format-standard","has-post-thumbnail","","category-cinta-de-noticias","category-arabe-internacional-politica","category-minuto-a-minuto"],"_links":{"self":[{"href":"https:\/\/archive.sana.sy\/es\/index.php?rest_route=\/wp\/v2\/posts\/247854"}],"collection":[{"href":"https:\/\/archive.sana.sy\/es\/index.php?rest_route=\/wp\/v2\/posts"}],"about":[{"href":"https:\/\/archive.sana.sy\/es\/index.php?rest_route=\/wp\/v2\/types\/post"}],"author":[{"embeddable":true,"href":"https:\/\/archive.sana.sy\/es\/index.php?rest_route=\/wp\/v2\/users\/30"}],"replies":[{"embeddable":true,"href":"https:\/\/archive.sana.sy\/es\/index.php?rest_route=%2Fwp%2Fv2%2Fcomments&post=247854"}],"version-history":[{"count":0,"href":"https:\/\/archive.sana.sy\/es\/index.php?rest_route=\/wp\/v2\/posts\/247854\/revisions"}],"wp:featuredmedia":[{"embeddable":true,"href":"https:\/\/archive.sana.sy\/es\/index.php?rest_route=\/wp\/v2\/media\/247856"}],"wp:attachment":[{"href":"https:\/\/archive.sana.sy\/es\/index.php?rest_route=%2Fwp%2Fv2%2Fmedia&parent=247854"}],"wp:term":[{"taxonomy":"category","embeddable":true,"href":"https:\/\/archive.sana.sy\/es\/index.php?rest_route=%2Fwp%2Fv2%2Fcategories&post=247854"},{"taxonomy":"post_tag","embeddable":true,"href":"https:\/\/archive.sana.sy\/es\/index.php?rest_route=%2Fwp%2Fv2%2Ftags&post=247854"}],"curies":[{"name":"wp","href":"https:\/\/api.w.org\/{rel}","templated":true}]}}