{"id":247865,"date":"2022-08-13T14:52:42","date_gmt":"2022-08-13T11:52:42","guid":{"rendered":"http:\/\/107.6.182.27\/es\/?p=247865"},"modified":"2023-01-10T15:54:52","modified_gmt":"2023-01-10T13:54:52","slug":"petro-maduro-y-bolivar-una-nueva-era","status":"publish","type":"post","link":"https:\/\/archive.sana.sy\/es\/?p=247865","title":{"rendered":"Petro, Maduro y Bol\u00edvar: una &#8220;nueva era&#8221;"},"content":{"rendered":"<p><span style=\"color: #800000;\"><strong>Damasco, 13 ago (SANA)<\/strong><\/span> La normalizaci\u00f3n de las relaciones con Venezuela es una de las primeras prioridades del Gobierno de Gustavo Petro en Colombia. El diputado venezolano Julio Chavez dijo a Sputnik que el acercamiento &#8220;cierra una p\u00e1gina dolorosa y abre una esperanza de que los pueblos latinoamericanos consoliden los procesos de paz en la regi\u00f3n&#8221;.<\/p>\n<p>La asunci\u00f3n de Gustavo Petro como presidente de Colombia inici\u00f3 un camino hacia la normalizaci\u00f3n de las relaciones entre Colombia y Venezuela. El mismo jueves 11 de agosto, el mandatario colombiano design\u00f3 al exsenador Armando Benedetti como representante en Caracas y el presidente venezolano Nicol\u00e1s Maduro confirm\u00f3 a F\u00e9lix Plasencia como embajador en Bogot\u00e1.<\/p>\n<p>Petro adelant\u00f3 que Benedetti tendr\u00e1 la &#8220;responsabilidad de normalizar las relaciones diplom\u00e1ticas entre los dos pa\u00edses (&#8230;) restablecer la institucionalidad que exist\u00eda desde d\u00e9cadas anteriores para que los dos pueblos hermanos puedan guarecer sus derechos, garantizar sus libertades, y lograr que entre Colombia y Venezuela se pueda construir riqueza para ambos pueblos&#8221;.<\/p>\n<p>Esta no es la \u00fanica se\u00f1al de acercamiento entre ambos gobiernos, que constituye un giro en la pol\u00edtica exterior respecto a la administraci\u00f3n de Iv\u00e1n Duque (2018-2022), marcada por fuertes tensiones con el pa\u00eds vecino, con quien comparte m\u00e1s de 2.219 kil\u00f3metros de frontera.<\/p>\n<p>En di\u00e1logo con Sputnik, el diputado del oficialista Partido Socialista Unido de Venezuela (PSUV), Julio Ch\u00e1vez, consider\u00f3 que con la llegada de Petro a la Casa de Nari\u00f1o &#8220;se inaugura una nueva etapa, una nueva \u00e9poca en las relaciones de ambos pa\u00edses&#8221;.<\/p>\n<p>Para Ch\u00e1vez, la asunci\u00f3n de Petro &#8220;sin dudas abre una esperanza&#8221; y hasta record\u00f3 al libertador Sim\u00f3n Bol\u00edvar, se\u00f1alando que transcurrieron &#8220;m\u00e1s de 200 a\u00f1os desde el \u00faltimo Gobierno de Corte Popular nacionalista, patriota, que hubo en Colombia&#8221;.<\/p>\n<p>Los primeros acercamientos se hab\u00edan dado el 9 de agosto, cuando el ministro de Defensa de Venezuela, Vladimir Padrino L\u00f3pez, anunci\u00f3 que, por instrucciones directas de Maduro, se iniciar\u00eda el contacto con las autoridades colombianas para restablecer las relaciones militares con ese pa\u00eds.<\/p>\n<p>Estas acciones forman parte de la restauraci\u00f3n gradual de las relaciones binacionales que ambos Gobiernos acordaron llevar adelante luego de la toma de posesi\u00f3n del primer presidente de izquierda en Colombia, tras d\u00e9cadas de liderazgo de corte conservador.<\/p>\n<p>La voluntad de avanzar hacia una agenda de trabajo com\u00fan y la disposici\u00f3n para consolidar lazos de cooperaci\u00f3n, as\u00ed como para garantizar la seguridad y la paz entre ambas naciones hab\u00eda sido acordada d\u00edas antes, el 28 de julio, en una declaraci\u00f3n conjunta entre el canciller venezolano Carlos Far\u00eda y su hom\u00f3logo designado por Petro, \u00c1lvaro Leyva Dur\u00e1n.<\/p>\n<blockquote><p><strong>&#8220;Los tiempos por venir estar\u00e1n enmarcados en el principio de autodeterminaci\u00f3n, en restablecer el derecho internacional y por supuesto, en avanzar hacia procesos de integraci\u00f3n y de hermandad que han caracterizado a pueblos liderados por la misma espada del padre libertador (Sim\u00f3n Bol\u00edvar), que lamentablemente atravesaron momentos tumultuosos muy dif\u00edciles, de una marcada hostilidad&#8221;, analiz\u00f3 Ch\u00e1vez.<\/strong><\/p><\/blockquote>\n<p><span style=\"color: #000080;\"><strong>Mon\u00f3meros ya no ser\u00e1 una &#8220;pi\u00f1ata&#8221;<\/strong><\/span><\/p>\n<p>Para Ch\u00e1vez, uno de los puntos claves en la discusi\u00f3n entre los gobiernos, ser\u00e1 la empresa petroqu\u00edmica Mon\u00f3meros \u2014filial de la estatal Petr\u00f3leos de Venezuela (PDVSA)\u2014 que el Ejecutivo venezolano reclama luego de acusar al exdiputado Juan Guaid\u00f3 de apropiarse y desmantelar la compa\u00f1\u00eda en complicidad con el Gobierno de Iv\u00e1n Duque.<\/p>\n<p>Es que Mon\u00f3meros, al igual que otras compa\u00f1\u00edas en el exterior, integr\u00f3 los activos que quedaron bajo el dominio de Guaid\u00f3 luego de que se autoproclamara como presidente interino de Venezuela en 2019. Posteriormente, en 2021, fue intervenida por el Gobierno de Duque, algo que el Gobierno venezolano calific\u00f3 de &#8220;oprobioso robo&#8221;.<\/p>\n<p>Ch\u00e1vez sostuvo que &#8220;el Gobierno del presidente Petro mostr\u00f3 voluntad para reconocer que se violent\u00f3 el derecho internacional en una empresa que le pertenece 100% al Estado venezolano&#8221;.<\/p>\n<p>Se espera que Colombia devuelva el control de Mon\u00f3meros a Venezuela, a cambio de trabajar en conjunto para disminuir los precios de los fertilizantes en el pa\u00eds.<\/p>\n<p>&#8220;Tanto la dirigencia opositora venezolana como el Gobierno de Duque convirtieron a Mon\u00f3meros en una pi\u00f1ata y la quebraron, significando una p\u00e9rdida en patrimonio equivalente a 1.839 millones de d\u00f3lares que se dejaron de percibir en todo ese tiempo en el cual fue administrada por el Gobierno imaginario y sometida a un proceso de robo sin precedentes en la historia latinoamericana&#8221;, subray\u00f3 el legislador.<\/p>\n<p><span style=\"color: #000080;\"><strong>Hacia la reapertura de la frontera colombo-venezolana<\/strong><\/span><\/p>\n<p>De acuerdo al diputado, que tambi\u00e9n es presidente de la comisi\u00f3n especial de la Asamblea Nacional que investiga cr\u00edmenes contra sus migrantes nacionales, otro de los puntos centrales a trabajar es la apertura gradual de la frontera y la reanudaci\u00f3n del comercio binacional.<\/p>\n<p>En ese contexto, Chavez afirm\u00f3 que la frontera colombo-venezolana &#8220;ha estado sometida al dominio de los grupos irregulares, paramilitares y mercenarios que, adem\u00e1s, han perturbado la actividad econ\u00f3mica y un flujo econ\u00f3mico que en alg\u00fan momento lleg\u00f3 a alcanzar entre 6.000 y 8.000 millones de d\u00f3lares&#8221;.<\/p>\n<p>Seg\u00fan el pol\u00edtico, la apertura de las fronteras no solo tendr\u00eda implicaciones comerciales sino que le devolver\u00eda a la regi\u00f3n la paz, el respeto a la soberan\u00eda y el principio a la autodeterminaci\u00f3n.<\/p>\n<p>A su vez, la situaci\u00f3n migratoria es uno de los temas que tiene prioridad. De acuerdo a datos oficiales colombianos, Colombia acogi\u00f3, hasta febrero de 2022,a 2.477.588 migrantes venezolanos, radicados en su mayor\u00eda en Bogot\u00e1, Medell\u00edn y C\u00facuta.<\/p>\n<p>Ch\u00e1vez remarc\u00f3 la preocupaci\u00f3n que, en ese sentido, causa &#8220;la cantidad de asesinatos que se han producido en territorio colombiano contra la migraci\u00f3n venezolana&#8221;.<\/p>\n<p>Para la comisi\u00f3n especial del legislativo venezolano, 4.918 venezolanos han sido asesinados en toda Am\u00e9rica Latina. Colombia ha sido el lugar en el que se registraron m\u00e1s cr\u00edmenes, aunque tambi\u00e9n hubo casos en Ecuador, Per\u00fa y otros pa\u00edses de la regi\u00f3n.<\/p>\n<p><strong>Fuente: Sputnik<\/strong><\/p>\n","protected":false},"excerpt":{"rendered":"<p>Damasco, 13 ago (SANA) La normalizaci\u00f3n de las relaciones con Venezuela es una de las primeras prioridades del Gobierno de Gustavo Petro en Colombia. El diputado venezolano Julio Chavez dijo a Sputnik que el acercamiento &#8220;cierra una p\u00e1gina dolorosa y abre una esperanza de que los pueblos latinoamericanos consoliden los procesos de paz en la &hellip;<\/p>\n","protected":false},"author":34,"featured_media":247866,"comment_status":"closed","ping_status":"closed","sticky":false,"template":"","format":"standard","meta":{"footnotes":""},"categories":[16929,597,456,20724,7541],"tags":[],"class_list":["post-247865","post","type-post","status-publish","format-standard","has-post-thumbnail","","category-articulos-de-opinion","category-cinta-de-noticias","category-arabe-internacional-politica","category-minuto-a-minuto","category-ultimas-noticias"],"_links":{"self":[{"href":"https:\/\/archive.sana.sy\/es\/index.php?rest_route=\/wp\/v2\/posts\/247865"}],"collection":[{"href":"https:\/\/archive.sana.sy\/es\/index.php?rest_route=\/wp\/v2\/posts"}],"about":[{"href":"https:\/\/archive.sana.sy\/es\/index.php?rest_route=\/wp\/v2\/types\/post"}],"author":[{"embeddable":true,"href":"https:\/\/archive.sana.sy\/es\/index.php?rest_route=\/wp\/v2\/users\/34"}],"replies":[{"embeddable":true,"href":"https:\/\/archive.sana.sy\/es\/index.php?rest_route=%2Fwp%2Fv2%2Fcomments&post=247865"}],"version-history":[{"count":0,"href":"https:\/\/archive.sana.sy\/es\/index.php?rest_route=\/wp\/v2\/posts\/247865\/revisions"}],"wp:featuredmedia":[{"embeddable":true,"href":"https:\/\/archive.sana.sy\/es\/index.php?rest_route=\/wp\/v2\/media\/247866"}],"wp:attachment":[{"href":"https:\/\/archive.sana.sy\/es\/index.php?rest_route=%2Fwp%2Fv2%2Fmedia&parent=247865"}],"wp:term":[{"taxonomy":"category","embeddable":true,"href":"https:\/\/archive.sana.sy\/es\/index.php?rest_route=%2Fwp%2Fv2%2Fcategories&post=247865"},{"taxonomy":"post_tag","embeddable":true,"href":"https:\/\/archive.sana.sy\/es\/index.php?rest_route=%2Fwp%2Fv2%2Ftags&post=247865"}],"curies":[{"name":"wp","href":"https:\/\/api.w.org\/{rel}","templated":true}]}}