{"id":24789,"date":"2015-06-09T21:04:55","date_gmt":"2015-06-09T18:04:55","guid":{"rendered":"http:\/\/sana.sy\/es\/?p=24789"},"modified":"2015-06-09T21:05:54","modified_gmt":"2015-06-09T18:05:54","slug":"erdogan-acepta-la-renuncia-del-gobierno-de-turquia","status":"publish","type":"post","link":"https:\/\/archive.sana.sy\/es\/?p=24789","title":{"rendered":"Erdogan acepta la renuncia del Gobierno de Turqu\u00eda"},"content":{"rendered":"<p><span style=\"color: #800000\">Ankara-SANA<\/span><\/p>\n<p style=\"text-align: justify\">El presidente turco, Recep Tayyip Erdogan, acept\u00f3 este martes la dimisi\u00f3n protocolaria del primer ministro, Ahmet Davutoglu, y de su equipo, un paso previo a que se le encargue formar Gobierno como l\u00edder del AKP, el partido islamista que gan\u00f3 las elecciones del domingo.<\/p>\n<p style=\"text-align: justify\">El Partido Justicia y Desarrollo (AKP) fue la fuerza m\u00e1s votada en los comicios, con un 40,8%, pero perdi\u00f3 la mayor\u00eda absoluta que hab\u00eda ido renovando desde 2002 y se enfrenta ahora a la dif\u00edcil tarea de buscar pactos o bien gobernar en minor\u00eda.<\/p>\n<p style=\"text-align: justify\">Los medios de comunicaci\u00f3n turcos han informado que el Partido de Justicia y Desarrollo (AKP), en el poder desde 2002, ha obtenido el 40,8 % de los votos (259 esca\u00f1os).<\/p>\n<p style=\"text-align: justify\">El Partido Republicano del Pueblo (CHP) y el Partido de Acci\u00f3n Nacional (MHP), los principales rivales del AKP, por su parte, han conseguido respectivamente un 25,2 % (131 esca\u00f1os) y un 16,5% de los votos (82).<\/p>\n<p style=\"text-align: justify\">Mientras tanto, el partido prokurdo HDP (Partido Democr\u00e1tico del Pueblo) ha logrado el 12,5 % de los votos, hecho que le permite tener 78 diputados en el Parlamento, formado por un total de 550 legisladores.<\/p>\n<p style=\"text-align: justify\">Las elecciones parlamentarias de Turqu\u00eda fueron un duro golpe para el presidente turco Recep Tayyip Erdogan, ya que el partido gobernante AKP ha perdido la mayor\u00eda absoluta que manten\u00eda desde hace 13 a\u00f1os en el Parlamento.<\/p>\n<p>M.Miri<\/p>\n","protected":false},"excerpt":{"rendered":"<p>Ankara-SANA El presidente turco, Recep Tayyip Erdogan, acept\u00f3 este martes la dimisi\u00f3n protocolaria del primer ministro, Ahmet Davutoglu, y de su equipo, un paso previo a que se le encargue formar Gobierno como l\u00edder del AKP, el partido islamista que gan\u00f3 las elecciones del domingo. El Partido Justicia y Desarrollo (AKP) fue la fuerza m\u00e1s &hellip;<\/p>\n","protected":false},"author":1,"featured_media":22870,"comment_status":"closed","ping_status":"closed","sticky":false,"template":"","format":"standard","meta":{"footnotes":""},"categories":[456,457,576],"tags":[5582],"class_list":["post-24789","post","type-post","status-publish","format-standard","has-post-thumbnail","","category-arabe-internacional-politica","category-noticias-arabe-internacional-politica","category-noticias-politicas","tag-erdogan-acepta-la-renuncia-del-gobierno-de-turquia"],"_links":{"self":[{"href":"https:\/\/archive.sana.sy\/es\/index.php?rest_route=\/wp\/v2\/posts\/24789"}],"collection":[{"href":"https:\/\/archive.sana.sy\/es\/index.php?rest_route=\/wp\/v2\/posts"}],"about":[{"href":"https:\/\/archive.sana.sy\/es\/index.php?rest_route=\/wp\/v2\/types\/post"}],"author":[{"embeddable":true,"href":"https:\/\/archive.sana.sy\/es\/index.php?rest_route=\/wp\/v2\/users\/1"}],"replies":[{"embeddable":true,"href":"https:\/\/archive.sana.sy\/es\/index.php?rest_route=%2Fwp%2Fv2%2Fcomments&post=24789"}],"version-history":[{"count":0,"href":"https:\/\/archive.sana.sy\/es\/index.php?rest_route=\/wp\/v2\/posts\/24789\/revisions"}],"wp:featuredmedia":[{"embeddable":true,"href":"https:\/\/archive.sana.sy\/es\/index.php?rest_route=\/wp\/v2\/media\/22870"}],"wp:attachment":[{"href":"https:\/\/archive.sana.sy\/es\/index.php?rest_route=%2Fwp%2Fv2%2Fmedia&parent=24789"}],"wp:term":[{"taxonomy":"category","embeddable":true,"href":"https:\/\/archive.sana.sy\/es\/index.php?rest_route=%2Fwp%2Fv2%2Fcategories&post=24789"},{"taxonomy":"post_tag","embeddable":true,"href":"https:\/\/archive.sana.sy\/es\/index.php?rest_route=%2Fwp%2Fv2%2Ftags&post=24789"}],"curies":[{"name":"wp","href":"https:\/\/api.w.org\/{rel}","templated":true}]}}