{"id":247894,"date":"2022-08-13T19:12:26","date_gmt":"2022-08-13T16:12:26","guid":{"rendered":"http:\/\/107.6.182.27\/es\/?p=247894"},"modified":"2023-01-10T15:54:51","modified_gmt":"2023-01-10T13:54:51","slug":"fuerzas-rusas-toman-el-control-de-importante-puesto-de-avanzada-ucraniano","status":"publish","type":"post","link":"https:\/\/archive.sana.sy\/es\/?p=247894","title":{"rendered":"Fuerzas rusas toman el control de importante puesto de avanzada ucraniano"},"content":{"rendered":"<p style=\"text-align: justify;\"><strong><span style=\"color: #800000;\">Mosc\u00fa, 13 ago (SANA)<\/span> \u00a0<\/strong>\u00a0La localidad de Peski, un importante puesto de avanzada en las afueras de Donetsk, fue liberada por completo por las fuerzas rusas y otras aliadas.<\/p>\n<p style=\"text-align: justify;\">&#8220;Como resultado del avance de las fuerzas aliadas, el asentamiento de Peski de la Rep\u00fablica Popular de Donetsk ha sido completamente liberado&#8221;, comparti\u00f3 el portavoz del Ministerio de Defensa ruso, \u00cdgor Konash\u00e9nkov, citado por Sputnik.<\/p>\n<p style=\"text-align: justify;\">Ubicado justo a la salida noroeste de Donetsk, a solo 10 kil\u00f3metros del centro de la ciudad y en una cercan\u00eda directa del aeropuerto Internacional Sergu\u00e9i Prokofiev, el control sobre Peski permit\u00eda a las tropas ucranianas bombardear la capital de la RPD.<\/p>\n<p style=\"text-align: justify;\">En los \u00faltimos d\u00edas, las tropas aliadas de Donetsk y Rusia redoblaron los esfuerzos para liberar las inmediaciones de la ciudad y as\u00ed evitar la constante amenaza que esto supone para los civiles.<\/p>\n<p style=\"text-align: justify;\">fm<\/p>\n","protected":false},"excerpt":{"rendered":"<p>Mosc\u00fa, 13 ago (SANA) \u00a0\u00a0La localidad de Peski, un importante puesto de avanzada en las afueras de Donetsk, fue liberada por completo por las fuerzas rusas y otras aliadas. &#8220;Como resultado del avance de las fuerzas aliadas, el asentamiento de Peski de la Rep\u00fablica Popular de Donetsk ha sido completamente liberado&#8221;, comparti\u00f3 el portavoz del &hellip;<\/p>\n","protected":false},"author":34,"featured_media":247895,"comment_status":"closed","ping_status":"closed","sticky":false,"template":"","format":"standard","meta":{"footnotes":""},"categories":[597,456,20724,7541],"tags":[],"class_list":["post-247894","post","type-post","status-publish","format-standard","has-post-thumbnail","","category-cinta-de-noticias","category-arabe-internacional-politica","category-minuto-a-minuto","category-ultimas-noticias"],"_links":{"self":[{"href":"https:\/\/archive.sana.sy\/es\/index.php?rest_route=\/wp\/v2\/posts\/247894"}],"collection":[{"href":"https:\/\/archive.sana.sy\/es\/index.php?rest_route=\/wp\/v2\/posts"}],"about":[{"href":"https:\/\/archive.sana.sy\/es\/index.php?rest_route=\/wp\/v2\/types\/post"}],"author":[{"embeddable":true,"href":"https:\/\/archive.sana.sy\/es\/index.php?rest_route=\/wp\/v2\/users\/34"}],"replies":[{"embeddable":true,"href":"https:\/\/archive.sana.sy\/es\/index.php?rest_route=%2Fwp%2Fv2%2Fcomments&post=247894"}],"version-history":[{"count":0,"href":"https:\/\/archive.sana.sy\/es\/index.php?rest_route=\/wp\/v2\/posts\/247894\/revisions"}],"wp:featuredmedia":[{"embeddable":true,"href":"https:\/\/archive.sana.sy\/es\/index.php?rest_route=\/wp\/v2\/media\/247895"}],"wp:attachment":[{"href":"https:\/\/archive.sana.sy\/es\/index.php?rest_route=%2Fwp%2Fv2%2Fmedia&parent=247894"}],"wp:term":[{"taxonomy":"category","embeddable":true,"href":"https:\/\/archive.sana.sy\/es\/index.php?rest_route=%2Fwp%2Fv2%2Fcategories&post=247894"},{"taxonomy":"post_tag","embeddable":true,"href":"https:\/\/archive.sana.sy\/es\/index.php?rest_route=%2Fwp%2Fv2%2Ftags&post=247894"}],"curies":[{"name":"wp","href":"https:\/\/api.w.org\/{rel}","templated":true}]}}