{"id":247900,"date":"2022-08-13T20:28:36","date_gmt":"2022-08-13T17:28:36","guid":{"rendered":"http:\/\/107.6.182.27\/es\/?p=247900"},"modified":"2023-01-10T15:54:51","modified_gmt":"2023-01-10T13:54:51","slug":"europa-enfrenta-la-peor-sequia-en-500-anos-y-alertan-de-que-lo-peor-esta-por-llegar","status":"publish","type":"post","link":"https:\/\/archive.sana.sy\/es\/?p=247900","title":{"rendered":"Europa enfrenta la peor sequ\u00eda en 500 a\u00f1os y alertan de que lo peor est\u00e1 por llegar"},"content":{"rendered":"<p style=\"text-align: justify;\"><span style=\"color: #800000;\"><strong>Damasco, 13 ago (SANA)\u00a0<\/strong><\/span> \u00a0El calentamiento global y el cambio clim\u00e1tico siempre han sido una preocupaci\u00f3n mundial para la humanidad. El continente europeo vivi\u00f3 este verano temperaturas r\u00e9cord que provocaron incendios masivos y bajos niveles de agua en muchos de los r\u00edos.<\/p>\n<p style=\"text-align: justify;\">Seg\u00fan las Naciones Unidas, la fuerte sequ\u00eda provocada por la falta de lluvias y la disminuci\u00f3n nunca vista durante siglos en el nivel de las nevadas, afectar\u00e1 las tres cuartas partes de la poblaci\u00f3n mundial para 2050, mientras otros informes advierten que el 45 por ciento del bloque europeo, aproximadamente la mitad, se encuentra bajo una sequ\u00eda severa.<\/p>\n<p style=\"text-align: justify;\">A su vez, el Servicio Europeo de Vigilancia Atmosf\u00e9rica Copernicus, expres\u00f3 que cerca del 60 por ciento de la UE y Gran Breta\u00f1a este a\u00f1o experimentan los efectos de la sequ\u00eda, la cual se agrava por el calor anormal.<\/p>\n<p style=\"text-align: justify;\">Al mismo tiempo, pa\u00edses de la Uni\u00f3n Europea (UE) como Francia, Espa\u00f1a, Italia y los Pa\u00edses Bajos se enfrentan a la escasez de agua, lo cual tiene un impacto negativo en la agricultura, la energ\u00eda y la navegaci\u00f3n fluvial, indic\u00f3 el ente.<\/p>\n<p style=\"text-align: justify;\">De acuerdo con los meteor\u00f3logos, las condiciones atmosf\u00e9ricas secas podr\u00edan durar hasta octubre.<\/p>\n<p style=\"text-align: justify;\">Los empleados del servicio de monitoreo, despu\u00e9s de analizar los datos de finales de julio, encontraron que a mediados de este mes, hasta el 45 por ciento de la UE estaba en la zona de sequ\u00eda y el 15 por ciento ten\u00eda una grave escasez de agua.<\/p>\n<p style=\"text-align: justify;\">fm\/rr<\/p>\n","protected":false},"excerpt":{"rendered":"<p>Damasco, 13 ago (SANA)\u00a0 \u00a0El calentamiento global y el cambio clim\u00e1tico siempre han sido una preocupaci\u00f3n mundial para la humanidad. El continente europeo vivi\u00f3 este verano temperaturas r\u00e9cord que provocaron incendios masivos y bajos niveles de agua en muchos de los r\u00edos. Seg\u00fan las Naciones Unidas, la fuerte sequ\u00eda provocada por la falta de lluvias &hellip;<\/p>\n","protected":false},"author":31,"featured_media":247901,"comment_status":"closed","ping_status":"closed","sticky":false,"template":"","format":"standard","meta":{"footnotes":""},"categories":[456],"tags":[],"class_list":["post-247900","post","type-post","status-publish","format-standard","has-post-thumbnail","","category-arabe-internacional-politica"],"_links":{"self":[{"href":"https:\/\/archive.sana.sy\/es\/index.php?rest_route=\/wp\/v2\/posts\/247900"}],"collection":[{"href":"https:\/\/archive.sana.sy\/es\/index.php?rest_route=\/wp\/v2\/posts"}],"about":[{"href":"https:\/\/archive.sana.sy\/es\/index.php?rest_route=\/wp\/v2\/types\/post"}],"author":[{"embeddable":true,"href":"https:\/\/archive.sana.sy\/es\/index.php?rest_route=\/wp\/v2\/users\/31"}],"replies":[{"embeddable":true,"href":"https:\/\/archive.sana.sy\/es\/index.php?rest_route=%2Fwp%2Fv2%2Fcomments&post=247900"}],"version-history":[{"count":0,"href":"https:\/\/archive.sana.sy\/es\/index.php?rest_route=\/wp\/v2\/posts\/247900\/revisions"}],"wp:featuredmedia":[{"embeddable":true,"href":"https:\/\/archive.sana.sy\/es\/index.php?rest_route=\/wp\/v2\/media\/247901"}],"wp:attachment":[{"href":"https:\/\/archive.sana.sy\/es\/index.php?rest_route=%2Fwp%2Fv2%2Fmedia&parent=247900"}],"wp:term":[{"taxonomy":"category","embeddable":true,"href":"https:\/\/archive.sana.sy\/es\/index.php?rest_route=%2Fwp%2Fv2%2Fcategories&post=247900"},{"taxonomy":"post_tag","embeddable":true,"href":"https:\/\/archive.sana.sy\/es\/index.php?rest_route=%2Fwp%2Fv2%2Ftags&post=247900"}],"curies":[{"name":"wp","href":"https:\/\/api.w.org\/{rel}","templated":true}]}}