{"id":247905,"date":"2022-08-13T20:38:41","date_gmt":"2022-08-13T17:38:41","guid":{"rendered":"http:\/\/107.6.182.27\/es\/?p=247905"},"modified":"2022-08-13T20:38:41","modified_gmt":"2022-08-13T17:38:41","slug":"siria-y-cuba-57-anos-de-lucha-hermandad-y-solidaridad","status":"publish","type":"post","link":"https:\/\/archive.sana.sy\/es\/?p=247905","title":{"rendered":"Siria y Cuba, 57 a\u00f1os de lucha, hermandad y solidaridad"},"content":{"rendered":"<p style=\"text-align: justify;\"><span style=\"color: #800000;\"><strong>Damasco, 13 ago (SANA)<\/strong> <\/span>La amistad profunda, la solidaridad incondicional y las posturas comunes invariables han caracterizado 57 a\u00f1os de relaciones entre Siria y Cuba iniciadas el 11 de agosto de 1965.<\/p>\n<p style=\"text-align: justify;\">La cooperaci\u00f3n y la coordinaci\u00f3n entre Damasco y La Habana durante casi seis d\u00e9cadas de v\u00ednculos rebasan las distancias geogr\u00e1ficas, las dos naciones han compartido posiciones comunes en la arena internacional tanto en escenarios regionales como multilaterales, en apoyo a sus justas causas y a las de los dem\u00e1s pueblos del mundo que luchan por su autodeterminaci\u00f3n y la preservaci\u00f3n de su soberan\u00eda.<\/p>\n<p style=\"text-align: justify;\"><img loading=\"lazy\" decoding=\"async\" class=\"alignleft wp-image-247910\" src=\"http:\/\/107.6.182.27\/es\/wp-content\/uploads\/2022\/08\/siriacuba-300x300.jpeg\" alt=\"\" width=\"246\" height=\"246\" srcset=\"https:\/\/archive.sana.sy\/es\/wp-content\/uploads\/2022\/08\/siriacuba-300x300.jpeg 300w, https:\/\/archive.sana.sy\/es\/wp-content\/uploads\/2022\/08\/siriacuba-1024x1024.jpeg 1024w, https:\/\/archive.sana.sy\/es\/wp-content\/uploads\/2022\/08\/siriacuba-150x150.jpeg 150w, https:\/\/archive.sana.sy\/es\/wp-content\/uploads\/2022\/08\/siriacuba-768x768.jpeg 768w, https:\/\/archive.sana.sy\/es\/wp-content\/uploads\/2022\/08\/siriacuba.jpeg 1280w\" sizes=\"(max-width: 246px) 100vw, 246px\" \/><\/p>\n<p style=\"text-align: justify;\">En todos los organismos internacionales, Siria siempre ha mantenido una postura firme de condena al bloqueo econ\u00f3mico, financiero y comercial impuesto por Estados Unidos contra la isla, y ha votado sin vacilaci\u00f3n ninguna a favor de los proyectos de resoluci\u00f3n presentados por Cuba.<\/p>\n<p style=\"text-align: justify;\">De igual manera, La Habana ha condenado la ocupaci\u00f3n israel\u00ed del Gol\u00e1n y ha mantenido un apoyo invariable sobre el retorno de este territorio a Siria, as\u00ed como tampoco ha escatimado esfuerzos para apoyar a Siria durante la guerra terrorista impuesta que enfrenta esta naci\u00f3n del levante desde 2011.<\/p>\n<p style=\"text-align: justify;\">A pesar de estar sometidas ambas naciones a un bloqueo asfixiante, sobran las muestras de solidaridad mutua, pues Siria envi\u00f3 a Cuba buques con petr\u00f3leo durante el llamado Periodo Especial a principios de los a\u00f1os 90, mientras lotes medicamentos y vacunas cubanas llegaron a Siria.<\/p>\n<p style=\"text-align: justify;\">Entre los a\u00f1os 2016 y 2019, Siria recibi\u00f3 toneladas de medicamentos cubanos contra el c\u00e1ncer y vacunas contra la difteria, el t\u00e9tano, la influenza y la hepatitis B, en momentos en que los pa\u00edses occidentales imponen un f\u00e9rreo bloqueo que impide la llegada de suministros m\u00e9dicos a Siria.<\/p>\n<p style=\"text-align: justify;\"><img loading=\"lazy\" decoding=\"async\" class=\"size-medium wp-image-247908 alignleft\" src=\"http:\/\/107.6.182.27\/es\/wp-content\/uploads\/2022\/08\/cuba-vacunas-siria-covid-300x169.webp\" alt=\"\" width=\"300\" height=\"169\" srcset=\"https:\/\/archive.sana.sy\/es\/wp-content\/uploads\/2022\/08\/cuba-vacunas-siria-covid-300x169.webp 300w, https:\/\/archive.sana.sy\/es\/wp-content\/uploads\/2022\/08\/cuba-vacunas-siria-covid-1024x576.webp 1024w, https:\/\/archive.sana.sy\/es\/wp-content\/uploads\/2022\/08\/cuba-vacunas-siria-covid-150x84.webp 150w, https:\/\/archive.sana.sy\/es\/wp-content\/uploads\/2022\/08\/cuba-vacunas-siria-covid-768x432.webp 768w, https:\/\/archive.sana.sy\/es\/wp-content\/uploads\/2022\/08\/cuba-vacunas-siria-covid.webp 1040w\" sizes=\"(max-width: 300px) 100vw, 300px\" \/>Otra muestra del apoyo multilateral, cooperaci\u00f3n y solidaridad, fue el env\u00edo por parte de La Habana de una donaci\u00f3n de 240.000 dosis de las vacunas Abdala, Soberana 02 y Soberana Plus, tres f\u00e1rmacos de producci\u00f3n nacional contra el nuevo coronavirus.<\/p>\n<p style=\"text-align: justify;\">De las universidades cubanas, se han graduado cientos de profesionales sirios en las especialidades de medicina, ingenier\u00eda civil, arquitectura, inform\u00e1tica, entre otras, y hoy en d\u00eda, aportan sus conocimientos al desarrollo, la preparaci\u00f3n de nuevos profesionales y la resistencia de su naci\u00f3n.<\/p>\n<p style=\"text-align: justify;\">El pueblo sirio tampoco olvida que en sus tierras estuvo una brigada de tanquistas cubanos en una misi\u00f3n internacionalista en 1974 para apoyar al ej\u00e9rcito sirio a preservar la integridad del territorio y la independencia frente a la invasi\u00f3n del ej\u00e9rcito israel\u00ed.<\/p>\n<p style=\"text-align: justify;\">Igualmente, un contingente m\u00e9dico cubano integrado por especialistas de ortopedia y rehabilitaci\u00f3n, trabajaron arduamente en Damasco en la atenci\u00f3n a los heridos de la guerra de liberaci\u00f3n de octubre de 1973. La amistad se consolid\u00f3 en 1979, con la visita a La Habana del expresidente sirio Hafez al-Assad, en ocasi\u00f3n de la celebraci\u00f3n de la VI Cumbre del Movimiento de pa\u00edses No Alineados, y la visita del l\u00edder de la Revoluci\u00f3n Cubana Fidel Castro a Siria en 2001.<\/p>\n<p style=\"text-align: justify;\"><img loading=\"lazy\" decoding=\"async\" class=\"size-medium wp-image-247907 alignleft\" src=\"http:\/\/107.6.182.27\/es\/wp-content\/uploads\/2022\/08\/Bashar_Al_Assad_Raul_Castro_1-300x213.jpg\" alt=\"\" width=\"300\" height=\"213\" srcset=\"https:\/\/archive.sana.sy\/es\/wp-content\/uploads\/2022\/08\/Bashar_Al_Assad_Raul_Castro_1-300x213.jpg 300w, https:\/\/archive.sana.sy\/es\/wp-content\/uploads\/2022\/08\/Bashar_Al_Assad_Raul_Castro_1-150x107.jpg 150w, https:\/\/archive.sana.sy\/es\/wp-content\/uploads\/2022\/08\/Bashar_Al_Assad_Raul_Castro_1.jpg 695w\" sizes=\"(max-width: 300px) 100vw, 300px\" \/>Se destaca tambi\u00e9n, la visita en 2010 del actual presidente Bashar al-Assad como una reafirmaci\u00f3n de las relaciones de alianza entre ambos pa\u00edses.<\/p>\n<p style=\"text-align: justify;\">Los l\u00edderes Fidel Castro y Hafez al-Assad asentaron las bases y cimientos de estas relaciones, la cuales fueron continuadas y fortalecidas con los actuales presidentes Miguel D\u00edaz Canel y Bashar Al-Assad, dijo a Prensa Latina, Mohamed Jerry, jefe del Grupo de Amistad Siria-Cuba en el Parlamento sirio.<\/p>\n<p style=\"text-align: justify;\">Compartimos una lucha com\u00fan por el bien de los dos pa\u00edses contra la prepotencia estadounidense y la maquinaria criminal de guerra israel\u00ed, dijo el diputado.<\/p>\n<p style=\"text-align: justify;\">En semejantes declaraciones a Prensa Latina, el Embajador de Cuba en Damasco, Miguel Porto Parga, destac\u00f3 la voluntad de impulsar los nexos a pesar de los crecientes desaf\u00edos y presiones que enfrentan a Siria y Cuba en la actualidad.<\/p>\n<p style=\"text-align: justify;\">Sobran razones, esp\u00edritu de lucha y resistencia, as\u00ed como voluntad mutua de mantener las posturas tradicionales de unidad, solidaridad y cooperaci\u00f3n para enfrentar y vencer las campa\u00f1as hostiles en cualquier escenario\u201d, se\u00f1al\u00f3 el diplom\u00e1tico.<\/p>\n<p style=\"text-align: justify;\">Fuente: Prensa Latina<\/p>\n","protected":false},"excerpt":{"rendered":"<p>Damasco, 13 ago (SANA) La amistad profunda, la solidaridad incondicional y las posturas comunes invariables han caracterizado 57 a\u00f1os de relaciones entre Siria y Cuba iniciadas el 11 de agosto de 1965. La cooperaci\u00f3n y la coordinaci\u00f3n entre Damasco y La Habana durante casi seis d\u00e9cadas de v\u00ednculos rebasan las distancias geogr\u00e1ficas, las dos naciones &hellip;<\/p>\n","protected":false},"author":34,"featured_media":247906,"comment_status":"closed","ping_status":"closed","sticky":false,"template":"","format":"standard","meta":{"footnotes":""},"categories":[447,597,20724,467,583],"tags":[],"class_list":["post-247905","post","type-post","status-publish","format-standard","has-post-thumbnail","","category-local-politica","category-cinta-de-noticias","category-minuto-a-minuto","category-siria-y-el-mundo","category-slide"],"_links":{"self":[{"href":"https:\/\/archive.sana.sy\/es\/index.php?rest_route=\/wp\/v2\/posts\/247905"}],"collection":[{"href":"https:\/\/archive.sana.sy\/es\/index.php?rest_route=\/wp\/v2\/posts"}],"about":[{"href":"https:\/\/archive.sana.sy\/es\/index.php?rest_route=\/wp\/v2\/types\/post"}],"author":[{"embeddable":true,"href":"https:\/\/archive.sana.sy\/es\/index.php?rest_route=\/wp\/v2\/users\/34"}],"replies":[{"embeddable":true,"href":"https:\/\/archive.sana.sy\/es\/index.php?rest_route=%2Fwp%2Fv2%2Fcomments&post=247905"}],"version-history":[{"count":0,"href":"https:\/\/archive.sana.sy\/es\/index.php?rest_route=\/wp\/v2\/posts\/247905\/revisions"}],"wp:featuredmedia":[{"embeddable":true,"href":"https:\/\/archive.sana.sy\/es\/index.php?rest_route=\/wp\/v2\/media\/247906"}],"wp:attachment":[{"href":"https:\/\/archive.sana.sy\/es\/index.php?rest_route=%2Fwp%2Fv2%2Fmedia&parent=247905"}],"wp:term":[{"taxonomy":"category","embeddable":true,"href":"https:\/\/archive.sana.sy\/es\/index.php?rest_route=%2Fwp%2Fv2%2Fcategories&post=247905"},{"taxonomy":"post_tag","embeddable":true,"href":"https:\/\/archive.sana.sy\/es\/index.php?rest_route=%2Fwp%2Fv2%2Ftags&post=247905"}],"curies":[{"name":"wp","href":"https:\/\/api.w.org\/{rel}","templated":true}]}}