{"id":24798,"date":"2015-06-09T22:22:03","date_gmt":"2015-06-09T19:22:03","guid":{"rendered":"http:\/\/sana.sy\/es\/?p=24798"},"modified":"2015-06-09T22:22:03","modified_gmt":"2015-06-09T19:22:03","slug":"nueva-coalicion-politica-turca-sin-el-partido-de-akp","status":"publish","type":"post","link":"https:\/\/archive.sana.sy\/es\/?p=24798","title":{"rendered":"Nueva coalici\u00f3n pol\u00edtica turca sin el partido de AKP"},"content":{"rendered":"<p><span style=\"color: #800000\">Ankara-SANA<\/span><\/p>\n<p style=\"text-align: justify\">Despu\u00e9s de las elecciones parlamentarias turcas, los resultados de los votos muestran una disminuci\u00f3n de la confianza en el partido gobernante de la Justicia y el Desarrollo (AKP).<\/p>\n<p style=\"text-align: justify\">El Presidente del Partido Popular Republicano Kemal Kilicdaroglu, propuso la creaci\u00f3n de una coalici\u00f3n pol\u00edtica que incluya a todas las partes excepto el (AKP).<\/p>\n<p style=\"text-align: justify\">En el mismo contexto, K\u0131l\u0131\u00e7daro\u011flu llam\u00f3 a formar un gobierno de coalici\u00f3n con el Partido del Movimiento Nacionalista y el Partido Democr\u00e1tico del Pueblo, para lograr la reconciliaci\u00f3n nacional en el pa\u00eds y participar en la soluci\u00f3n de los diversos problemas planteados por el partido gobernante de Erdogan.<\/p>\n<p style=\"text-align: justify\">A su vez, el presidente del Partido Democr\u00e1tico del pueblo Selyahattin Demirtas, declar\u00f3 que el Partido Democr\u00e1tico del Pueblo mantendr\u00e1 su promesa de no coaligarse con el Partido de la Justicia y el Desarrollo que gobierna Turqu\u00eda.<\/p>\n<p style=\"text-align: justify\">Medios de comunicaci\u00f3n turcos informaron que se trataba de una posici\u00f3n pol\u00edtica que llev\u00f3 a la derrota del partido gobernante en las elecciones.<\/p>\n<p style=\"text-align: justify\">Las elecciones parlamentarias de Turqu\u00eda fueron un duro golpe para el presidente turco Recep Tayyip Erdogan, ya que el partido gobernante AKP ha perdido la mayor\u00eda absoluta que manten\u00eda desde hace 13 a\u00f1os en el Parlamento.<\/p>\n<p>M.Miri, Riad.Sh<\/p>\n","protected":false},"excerpt":{"rendered":"<p>Ankara-SANA Despu\u00e9s de las elecciones parlamentarias turcas, los resultados de los votos muestran una disminuci\u00f3n de la confianza en el partido gobernante de la Justicia y el Desarrollo (AKP). El Presidente del Partido Popular Republicano Kemal Kilicdaroglu, propuso la creaci\u00f3n de una coalici\u00f3n pol\u00edtica que incluya a todas las partes excepto el (AKP). En el &hellip;<\/p>\n","protected":false},"author":1,"featured_media":24799,"comment_status":"closed","ping_status":"closed","sticky":false,"template":"","format":"standard","meta":{"footnotes":""},"categories":[555],"tags":[5584],"class_list":["post-24798","post","type-post","status-publish","format-standard","has-post-thumbnail","","category-prensa","tag-nueva-coalicion-politica-turca-sin-el-partido-de-akp"],"_links":{"self":[{"href":"https:\/\/archive.sana.sy\/es\/index.php?rest_route=\/wp\/v2\/posts\/24798"}],"collection":[{"href":"https:\/\/archive.sana.sy\/es\/index.php?rest_route=\/wp\/v2\/posts"}],"about":[{"href":"https:\/\/archive.sana.sy\/es\/index.php?rest_route=\/wp\/v2\/types\/post"}],"author":[{"embeddable":true,"href":"https:\/\/archive.sana.sy\/es\/index.php?rest_route=\/wp\/v2\/users\/1"}],"replies":[{"embeddable":true,"href":"https:\/\/archive.sana.sy\/es\/index.php?rest_route=%2Fwp%2Fv2%2Fcomments&post=24798"}],"version-history":[{"count":0,"href":"https:\/\/archive.sana.sy\/es\/index.php?rest_route=\/wp\/v2\/posts\/24798\/revisions"}],"wp:featuredmedia":[{"embeddable":true,"href":"https:\/\/archive.sana.sy\/es\/index.php?rest_route=\/wp\/v2\/media\/24799"}],"wp:attachment":[{"href":"https:\/\/archive.sana.sy\/es\/index.php?rest_route=%2Fwp%2Fv2%2Fmedia&parent=24798"}],"wp:term":[{"taxonomy":"category","embeddable":true,"href":"https:\/\/archive.sana.sy\/es\/index.php?rest_route=%2Fwp%2Fv2%2Fcategories&post=24798"},{"taxonomy":"post_tag","embeddable":true,"href":"https:\/\/archive.sana.sy\/es\/index.php?rest_route=%2Fwp%2Fv2%2Ftags&post=24798"}],"curies":[{"name":"wp","href":"https:\/\/api.w.org\/{rel}","templated":true}]}}