{"id":247982,"date":"2022-08-14T11:36:18","date_gmt":"2022-08-14T08:36:18","guid":{"rendered":"http:\/\/107.6.182.27\/es\/?p=247982"},"modified":"2023-01-10T15:54:50","modified_gmt":"2023-01-10T13:54:50","slug":"conversaciones-entre-siria-y-bielorrusia-para-enfrentar-las-medidas-coercitivas-occidentales-2","status":"publish","type":"post","link":"https:\/\/archive.sana.sy\/es\/?p=247982","title":{"rendered":"Conversaciones entre Siria y Bielorrusia para enfrentar las medidas coercitivas occidentales"},"content":{"rendered":"<p style=\"text-align: justify;\"><strong><span style=\"color: #800000;\">Minsk, 14 ago (SANA)\u00a0<\/span><\/strong> El embajador de Siria en Bielorrusia, Muhammad Al-Omrani, repas\u00f3 con el viceministro primero de Relaciones Exteriores de Bielorrusia, Sergei Aleniek, las formas de fortalecer y promover las distinguidas relaciones bilaterales en todos los niveles.<\/p>\n<p style=\"text-align: justify;\">El di\u00e1logo trat\u00f3 sobre las v\u00edas de superar los obst\u00e1culos causados por el las medidas coercitivas unilaterales de Occidente, impuestas a los dos pa\u00edses.<\/p>\n<p style=\"text-align: justify;\">Las dos partes coincidieron en la importancia del intercambio de visitas entre los dos pa\u00edses en varios niveles y la continuaci\u00f3n de la coordinaci\u00f3n en los foros internacionales en beneficio de los dos pa\u00edses y pueblos amigos.<\/p>\n<p style=\"text-align: justify;\"><em>fm\/ws<\/em><\/p>\n","protected":false},"excerpt":{"rendered":"<p>Minsk, 14 ago (SANA)\u00a0 El embajador de Siria en Bielorrusia, Muhammad Al-Omrani, repas\u00f3 con el viceministro primero de Relaciones Exteriores de Bielorrusia, Sergei Aleniek, las formas de fortalecer y promover las distinguidas relaciones bilaterales en todos los niveles. El di\u00e1logo trat\u00f3 sobre las v\u00edas de superar los obst\u00e1culos causados por el las medidas coercitivas unilaterales &hellip;<\/p>\n","protected":false},"author":35,"featured_media":247984,"comment_status":"closed","ping_status":"closed","sticky":false,"template":"","format":"standard","meta":{"footnotes":""},"categories":[597,456,20724,7541],"tags":[],"class_list":["post-247982","post","type-post","status-publish","format-standard","has-post-thumbnail","","category-cinta-de-noticias","category-arabe-internacional-politica","category-minuto-a-minuto","category-ultimas-noticias"],"_links":{"self":[{"href":"https:\/\/archive.sana.sy\/es\/index.php?rest_route=\/wp\/v2\/posts\/247982"}],"collection":[{"href":"https:\/\/archive.sana.sy\/es\/index.php?rest_route=\/wp\/v2\/posts"}],"about":[{"href":"https:\/\/archive.sana.sy\/es\/index.php?rest_route=\/wp\/v2\/types\/post"}],"author":[{"embeddable":true,"href":"https:\/\/archive.sana.sy\/es\/index.php?rest_route=\/wp\/v2\/users\/35"}],"replies":[{"embeddable":true,"href":"https:\/\/archive.sana.sy\/es\/index.php?rest_route=%2Fwp%2Fv2%2Fcomments&post=247982"}],"version-history":[{"count":0,"href":"https:\/\/archive.sana.sy\/es\/index.php?rest_route=\/wp\/v2\/posts\/247982\/revisions"}],"wp:featuredmedia":[{"embeddable":true,"href":"https:\/\/archive.sana.sy\/es\/index.php?rest_route=\/wp\/v2\/media\/247984"}],"wp:attachment":[{"href":"https:\/\/archive.sana.sy\/es\/index.php?rest_route=%2Fwp%2Fv2%2Fmedia&parent=247982"}],"wp:term":[{"taxonomy":"category","embeddable":true,"href":"https:\/\/archive.sana.sy\/es\/index.php?rest_route=%2Fwp%2Fv2%2Fcategories&post=247982"},{"taxonomy":"post_tag","embeddable":true,"href":"https:\/\/archive.sana.sy\/es\/index.php?rest_route=%2Fwp%2Fv2%2Ftags&post=247982"}],"curies":[{"name":"wp","href":"https:\/\/api.w.org\/{rel}","templated":true}]}}