{"id":248013,"date":"2022-08-14T17:10:57","date_gmt":"2022-08-14T14:10:57","guid":{"rendered":"http:\/\/107.6.182.27\/es\/?p=248013"},"modified":"2023-01-10T15:54:50","modified_gmt":"2023-01-10T13:54:50","slug":"41-muertos-y-12-heridos-por-incendio-en-una-iglesia-en-egipto","status":"publish","type":"post","link":"https:\/\/archive.sana.sy\/es\/?p=248013","title":{"rendered":"41 muertos y 12 heridos por incendio en una iglesia en Egipto"},"content":{"rendered":"<blockquote>\n<p style=\"text-align: justify;\"><strong>El incidente se produjo cuando 5.000 fieles se reun\u00edan para la misa en la iglesia. Las autoridades descartaron que el incendio haya sido un acto terrorista y aclararon que se produjo tras la explosi\u00f3n de un generador el\u00e9ctrico en la iglesia.<\/strong><\/p>\n<\/blockquote>\n<p style=\"text-align: justify;\"><span style=\"color: #800000;\"><strong>El Cairo, 14 ago (SANA)\u00a0 \u00a0<\/strong><\/span> El Ministerio de Salud de Egipto anunci\u00f3 hoy que el n\u00famero de muertos por el gran incendio que se desat\u00f3 en la iglesia de Abu Sefein en Imbaba en la provincia de Giza, ascendi\u00f3 a 41 muertos y 12 heridos.<\/p>\n<p style=\"text-align: justify;\">Los medios egipcios citaron al portavoz del ministerio, Hossam Abdel Ghaffar, diciendo que las v\u00edctimas son feligreses, entre ellos ni\u00f1os y el pastor de la iglesia.<\/p>\n<p style=\"text-align: justify;\">A su vez, el Ministerio del Interior egipcio dijo que dos oficiales y 3 efectivos de las fuerzas de seguridad resultaron heridos durante los operativos de controlar el incendio en la iglesia.<\/p>\n<p style=\"text-align: justify;\">El incidente se produjo cuando 5.000 fieles se reun\u00edan para la misa en la iglesia. Las autoridades descartaron que el incendio haya sido un acto terrorista y aclararon que se produjo tras la explosi\u00f3n de un generador el\u00e9ctrico en la iglesia.<\/p>\n<p style=\"text-align: justify;\">fm\/ed<\/p>\n","protected":false},"excerpt":{"rendered":"<p>El incidente se produjo cuando 5.000 fieles se reun\u00edan para la misa en la iglesia. Las autoridades descartaron que el incendio haya sido un acto terrorista y aclararon que se produjo tras la explosi\u00f3n de un generador el\u00e9ctrico en la iglesia. El Cairo, 14 ago (SANA)\u00a0 \u00a0 El Ministerio de Salud de Egipto anunci\u00f3 hoy &hellip;<\/p>\n","protected":false},"author":32,"featured_media":248014,"comment_status":"closed","ping_status":"closed","sticky":false,"template":"","format":"standard","meta":{"footnotes":""},"categories":[597,456,7541],"tags":[],"class_list":["post-248013","post","type-post","status-publish","format-standard","has-post-thumbnail","","category-cinta-de-noticias","category-arabe-internacional-politica","category-ultimas-noticias"],"_links":{"self":[{"href":"https:\/\/archive.sana.sy\/es\/index.php?rest_route=\/wp\/v2\/posts\/248013"}],"collection":[{"href":"https:\/\/archive.sana.sy\/es\/index.php?rest_route=\/wp\/v2\/posts"}],"about":[{"href":"https:\/\/archive.sana.sy\/es\/index.php?rest_route=\/wp\/v2\/types\/post"}],"author":[{"embeddable":true,"href":"https:\/\/archive.sana.sy\/es\/index.php?rest_route=\/wp\/v2\/users\/32"}],"replies":[{"embeddable":true,"href":"https:\/\/archive.sana.sy\/es\/index.php?rest_route=%2Fwp%2Fv2%2Fcomments&post=248013"}],"version-history":[{"count":0,"href":"https:\/\/archive.sana.sy\/es\/index.php?rest_route=\/wp\/v2\/posts\/248013\/revisions"}],"wp:featuredmedia":[{"embeddable":true,"href":"https:\/\/archive.sana.sy\/es\/index.php?rest_route=\/wp\/v2\/media\/248014"}],"wp:attachment":[{"href":"https:\/\/archive.sana.sy\/es\/index.php?rest_route=%2Fwp%2Fv2%2Fmedia&parent=248013"}],"wp:term":[{"taxonomy":"category","embeddable":true,"href":"https:\/\/archive.sana.sy\/es\/index.php?rest_route=%2Fwp%2Fv2%2Fcategories&post=248013"},{"taxonomy":"post_tag","embeddable":true,"href":"https:\/\/archive.sana.sy\/es\/index.php?rest_route=%2Fwp%2Fv2%2Ftags&post=248013"}],"curies":[{"name":"wp","href":"https:\/\/api.w.org\/{rel}","templated":true}]}}