{"id":248017,"date":"2022-08-14T17:24:33","date_gmt":"2022-08-14T14:24:33","guid":{"rendered":"http:\/\/107.6.182.27\/es\/?p=248017"},"modified":"2023-01-10T15:54:49","modified_gmt":"2023-01-10T13:54:49","slug":"buques-de-guerra-israelies-atacan-pescadores-palestinos-en-el-mar-de-gaza","status":"publish","type":"post","link":"https:\/\/archive.sana.sy\/es\/?p=248017","title":{"rendered":"Buques de guerra israel\u00edes atacan pescadores palestinos en el mar de Gaza"},"content":{"rendered":"<p style=\"text-align: justify;\"><span style=\"color: #800000;\"><strong>Jerusal\u00e9n ocupada, 14 ago (SANA)\u00a0<\/strong> <\/span>\u00a0 \u00a0Las tropas del ocupante israel\u00ed atacaron este domingo los pescadores palestinos en la sitiada Franja de Gaza.<\/p>\n<p style=\"text-align: justify;\">Seg\u00fan informaron medios palestinos, los barcos dispararon con armas autom\u00e1ticas y bombas de gas lacrim\u00f3geno contra los pesqueros en el mar frente a las costas de Jabalia y Beit Lahia y las regiones de Al-Waha y Al-Sudania en el norte de Gaza, obligando los pesqueros a regresar a la costa.<\/p>\n<p style=\"text-align: justify;\">Las tropas sionistas atacan frecuentemente los pescadores palestinos para impedir que ejerzan su profesi\u00f3n como parte de sus actos agresivos contra los palestinos.<\/p>\n<p style=\"text-align: justify;\">ed\/fm<\/p>\n","protected":false},"excerpt":{"rendered":"<p>Jerusal\u00e9n ocupada, 14 ago (SANA)\u00a0 \u00a0 \u00a0Las tropas del ocupante israel\u00ed atacaron este domingo los pescadores palestinos en la sitiada Franja de Gaza. Seg\u00fan informaron medios palestinos, los barcos dispararon con armas autom\u00e1ticas y bombas de gas lacrim\u00f3geno contra los pesqueros en el mar frente a las costas de Jabalia y Beit Lahia y las &hellip;<\/p>\n","protected":false},"author":32,"featured_media":248018,"comment_status":"closed","ping_status":"closed","sticky":false,"template":"","format":"standard","meta":{"footnotes":""},"categories":[597,456,7541],"tags":[],"class_list":["post-248017","post","type-post","status-publish","format-standard","has-post-thumbnail","","category-cinta-de-noticias","category-arabe-internacional-politica","category-ultimas-noticias"],"_links":{"self":[{"href":"https:\/\/archive.sana.sy\/es\/index.php?rest_route=\/wp\/v2\/posts\/248017"}],"collection":[{"href":"https:\/\/archive.sana.sy\/es\/index.php?rest_route=\/wp\/v2\/posts"}],"about":[{"href":"https:\/\/archive.sana.sy\/es\/index.php?rest_route=\/wp\/v2\/types\/post"}],"author":[{"embeddable":true,"href":"https:\/\/archive.sana.sy\/es\/index.php?rest_route=\/wp\/v2\/users\/32"}],"replies":[{"embeddable":true,"href":"https:\/\/archive.sana.sy\/es\/index.php?rest_route=%2Fwp%2Fv2%2Fcomments&post=248017"}],"version-history":[{"count":0,"href":"https:\/\/archive.sana.sy\/es\/index.php?rest_route=\/wp\/v2\/posts\/248017\/revisions"}],"wp:featuredmedia":[{"embeddable":true,"href":"https:\/\/archive.sana.sy\/es\/index.php?rest_route=\/wp\/v2\/media\/248018"}],"wp:attachment":[{"href":"https:\/\/archive.sana.sy\/es\/index.php?rest_route=%2Fwp%2Fv2%2Fmedia&parent=248017"}],"wp:term":[{"taxonomy":"category","embeddable":true,"href":"https:\/\/archive.sana.sy\/es\/index.php?rest_route=%2Fwp%2Fv2%2Fcategories&post=248017"},{"taxonomy":"post_tag","embeddable":true,"href":"https:\/\/archive.sana.sy\/es\/index.php?rest_route=%2Fwp%2Fv2%2Ftags&post=248017"}],"curies":[{"name":"wp","href":"https:\/\/api.w.org\/{rel}","templated":true}]}}