{"id":24816,"date":"2015-06-10T13:55:50","date_gmt":"2015-06-10T10:55:50","guid":{"rendered":"http:\/\/sana.sy\/es\/?p=24816"},"modified":"2015-06-10T13:55:50","modified_gmt":"2015-06-10T10:55:50","slug":"afkham-la-intervencion-extranjera-en-siria-contribuyo-a-la-expansion-del-terrorismo-en-la-region","status":"publish","type":"post","link":"https:\/\/archive.sana.sy\/es\/?p=24816","title":{"rendered":"Afkham: la intervenci\u00f3n extranjera en Siria contribuy\u00f3 a la expansi\u00f3n del terrorismo en la regi\u00f3n"},"content":{"rendered":"<div><span lang=\"ES\" style=\"color: #ff0000\">Teher\u00e1n, SANA<\/span><\/div>\n<div><\/div>\n<div><span lang=\"ES\">La portavoz del ministerio de Exteriores iran\u00ed, Mardiya Afkham, dijo que la intervenci\u00f3n extranjera en Siria y el apoyo a las organizaciones terroristas, entre otros errores, han contribuido a la continuaci\u00f3n de la crisis en Siria y a la expansi\u00f3n del terrorismo en la regi\u00f3n.<\/span><\/div>\n<div><\/div>\n<div><span lang=\"ES\">En su conferencia de prensa semanal, la vocera iran\u00ed precis\u00f3 que &#8220;la intervenci\u00f3n extranjera en los asuntos sirios ha impedido el alcance de soluciones pac\u00edficas y garantizar los derechos del pueblo sirio&#8221;, haciendo hincapi\u00e9 en la necesidad de que estos errores no se mantengan porque conducen a la expansi\u00f3n del terrorismo y de las pr\u00e1cticas de los grupos armados.<\/span><\/div>\n<div><\/div>\n<div><span lang=\"ES\">Afkham renov\u00f3 la postura de apoyo de su pa\u00eds a Siria y a una soluci\u00f3n a la crisis por medios pol\u00edticos y a trav\u00e9s de un di\u00e1logo inter-sirio que responda a las demandas del pueblo sirio.<\/span><\/div>\n<div><\/div>\n<div><span lang=\"ES\">La funcionaria iran\u00ed elogi\u00f3 la firmeza del pueblo sirio y los sacrificios de su ej\u00e9rcito en su lucha contra el terrorismo.<\/span><\/div>\n<div><\/div>\n<div><span style=\"color: #00ccff\">Fady M., Hala B.<\/span><\/div>\n<div class=\"yj6qo ajU\">\n<div id=\":uf\" class=\"ajR\"><img decoding=\"async\" class=\"ajT\" src=\"https:\/\/ssl.gstatic.com\/ui\/v1\/icons\/mail\/images\/cleardot.gif\" alt=\"\" \/><\/div>\n<\/div>\n","protected":false},"excerpt":{"rendered":"<p>Teher\u00e1n, SANA La portavoz del ministerio de Exteriores iran\u00ed, Mardiya Afkham, dijo que la intervenci\u00f3n extranjera en Siria y el apoyo a las organizaciones terroristas, entre otros errores, han contribuido a la continuaci\u00f3n de la crisis en Siria y a la expansi\u00f3n del terrorismo en la regi\u00f3n. En su conferencia de prensa semanal, la vocera &hellip;<\/p>\n","protected":false},"author":1,"featured_media":24817,"comment_status":"closed","ping_status":"closed","sticky":false,"template":"","format":"standard","meta":{"footnotes":""},"categories":[597,456],"tags":[5589],"class_list":["post-24816","post","type-post","status-publish","format-standard","has-post-thumbnail","","category-cinta-de-noticias","category-arabe-internacional-politica","tag-afkham-la-intervencion-extranjera-en-siria-contribuyo-a-la-expansion-del-terrorismo-en-la-region"],"_links":{"self":[{"href":"https:\/\/archive.sana.sy\/es\/index.php?rest_route=\/wp\/v2\/posts\/24816"}],"collection":[{"href":"https:\/\/archive.sana.sy\/es\/index.php?rest_route=\/wp\/v2\/posts"}],"about":[{"href":"https:\/\/archive.sana.sy\/es\/index.php?rest_route=\/wp\/v2\/types\/post"}],"author":[{"embeddable":true,"href":"https:\/\/archive.sana.sy\/es\/index.php?rest_route=\/wp\/v2\/users\/1"}],"replies":[{"embeddable":true,"href":"https:\/\/archive.sana.sy\/es\/index.php?rest_route=%2Fwp%2Fv2%2Fcomments&post=24816"}],"version-history":[{"count":0,"href":"https:\/\/archive.sana.sy\/es\/index.php?rest_route=\/wp\/v2\/posts\/24816\/revisions"}],"wp:featuredmedia":[{"embeddable":true,"href":"https:\/\/archive.sana.sy\/es\/index.php?rest_route=\/wp\/v2\/media\/24817"}],"wp:attachment":[{"href":"https:\/\/archive.sana.sy\/es\/index.php?rest_route=%2Fwp%2Fv2%2Fmedia&parent=24816"}],"wp:term":[{"taxonomy":"category","embeddable":true,"href":"https:\/\/archive.sana.sy\/es\/index.php?rest_route=%2Fwp%2Fv2%2Fcategories&post=24816"},{"taxonomy":"post_tag","embeddable":true,"href":"https:\/\/archive.sana.sy\/es\/index.php?rest_route=%2Fwp%2Fv2%2Ftags&post=24816"}],"curies":[{"name":"wp","href":"https:\/\/api.w.org\/{rel}","templated":true}]}}