{"id":248203,"date":"2022-08-15T19:11:38","date_gmt":"2022-08-15T16:11:38","guid":{"rendered":"http:\/\/107.6.182.27\/es\/?p=248203"},"modified":"2023-01-10T15:54:47","modified_gmt":"2023-01-10T13:54:47","slug":"regimen-ucraniano-bombardea-intensamente-el-perimetro-de-la-central-nuclear-de-zaporiyia","status":"publish","type":"post","link":"https:\/\/archive.sana.sy\/es\/?p=248203","title":{"rendered":"R\u00e9gimen ucraniano bombardea intensamente el per\u00edmetro de la central nuclear de Zaporiyia"},"content":{"rendered":"<p style=\"text-align: justify;\"><span style=\"color: #800000;\"><strong>Mosc\u00fa, 15 ago (SANA)\u00a0<\/strong><\/span>Las autoridades de la provincia de Zaporiyia denunciaron que el per\u00edmetro de la central nuclear fue objeto de intensos bombardeos por parte de las fuerzas ucranianas.<\/p>\n<p style=\"text-align: justify;\">\u201cEl per\u00edmetro de la planta nuclear fue bombardeada 25 veces con armas pesadas estadounidenses en dos horas\u201d, cit\u00f3 Sputnik a la administraci\u00f3n del distrito local diciendo en su canal de Telegram.<\/p>\n<p style=\"text-align: justify;\">Asimismo, la administraci\u00f3n local de Zaporiyia agreg\u00f3 que se han registrado bombardeos ucranianos contra la aldea de Ivanovka, donde los servicios de emergencia est\u00e1n recopilando informaci\u00f3n sobre lesiones y da\u00f1os causados a la infraestructura.<\/p>\n<p style=\"text-align: justify;\"><em><strong>ah\/rsh<\/strong><\/em><\/p>\n","protected":false},"excerpt":{"rendered":"<p>Mosc\u00fa, 15 ago (SANA)\u00a0Las autoridades de la provincia de Zaporiyia denunciaron que el per\u00edmetro de la central nuclear fue objeto de intensos bombardeos por parte de las fuerzas ucranianas. \u201cEl per\u00edmetro de la planta nuclear fue bombardeada 25 veces con armas pesadas estadounidenses en dos horas\u201d, cit\u00f3 Sputnik a la administraci\u00f3n del distrito local diciendo &hellip;<\/p>\n","protected":false},"author":30,"featured_media":248204,"comment_status":"closed","ping_status":"closed","sticky":false,"template":"","format":"standard","meta":{"footnotes":""},"categories":[456,20724],"tags":[],"class_list":["post-248203","post","type-post","status-publish","format-standard","has-post-thumbnail","","category-arabe-internacional-politica","category-minuto-a-minuto"],"_links":{"self":[{"href":"https:\/\/archive.sana.sy\/es\/index.php?rest_route=\/wp\/v2\/posts\/248203"}],"collection":[{"href":"https:\/\/archive.sana.sy\/es\/index.php?rest_route=\/wp\/v2\/posts"}],"about":[{"href":"https:\/\/archive.sana.sy\/es\/index.php?rest_route=\/wp\/v2\/types\/post"}],"author":[{"embeddable":true,"href":"https:\/\/archive.sana.sy\/es\/index.php?rest_route=\/wp\/v2\/users\/30"}],"replies":[{"embeddable":true,"href":"https:\/\/archive.sana.sy\/es\/index.php?rest_route=%2Fwp%2Fv2%2Fcomments&post=248203"}],"version-history":[{"count":0,"href":"https:\/\/archive.sana.sy\/es\/index.php?rest_route=\/wp\/v2\/posts\/248203\/revisions"}],"wp:featuredmedia":[{"embeddable":true,"href":"https:\/\/archive.sana.sy\/es\/index.php?rest_route=\/wp\/v2\/media\/248204"}],"wp:attachment":[{"href":"https:\/\/archive.sana.sy\/es\/index.php?rest_route=%2Fwp%2Fv2%2Fmedia&parent=248203"}],"wp:term":[{"taxonomy":"category","embeddable":true,"href":"https:\/\/archive.sana.sy\/es\/index.php?rest_route=%2Fwp%2Fv2%2Fcategories&post=248203"},{"taxonomy":"post_tag","embeddable":true,"href":"https:\/\/archive.sana.sy\/es\/index.php?rest_route=%2Fwp%2Fv2%2Ftags&post=248203"}],"curies":[{"name":"wp","href":"https:\/\/api.w.org\/{rel}","templated":true}]}}