{"id":248310,"date":"2022-08-16T19:14:21","date_gmt":"2022-08-16T16:14:21","guid":{"rendered":"http:\/\/107.6.182.27\/es\/?p=248310"},"modified":"2023-01-10T14:03:03","modified_gmt":"2023-01-10T12:03:03","slug":"ministros-de-defesa-de-siria-y-rusia-ratifica-alianza-en-lucha-contra-el-terrorismo-y-otros-campos","status":"publish","type":"post","link":"https:\/\/archive.sana.sy\/es\/?p=248310","title":{"rendered":"Ministros de Defensa de Siria y Rusia ratifican alianza en lucha contra el terrorismo y otros campos"},"content":{"rendered":"<p style=\"text-align: justify\"><span style=\"color: #800000\"><strong>Mosc\u00fa, 16 ago (SANA)<\/strong><\/span> El ministro de Defensa de Rusia, Sergei Shoig\u00fa, reiter\u00f3 la firme postura de su pa\u00eds de apoyo al pueblo sirio y destac\u00f3 la s\u00f3lida amistad entre Rusia y Siria.<\/p>\n<p style=\"text-align: justify\">Durante su recibimiento en Mosc\u00fa a su hom\u00f3logo sirio el teniente general Ali Mahmoud Abbas, al margen de la D\u00e9cima Conferencia de Mosc\u00fa sobre Seguridad Internacional, Shoig\u00fa dijo que \u201cSiria es un pa\u00eds amigo de Rusia, y nuestras relaciones no se limitan a la lucha conjunta contra el terrorismo, sino abarcan otros campos\u201d.<\/p>\n<p><a href=\"http:\/\/107.6.182.27\/es\/wp-content\/uploads\/2022\/08\/Shoigu-Abbas-1.jpg\"><img loading=\"lazy\" decoding=\"async\" class=\"size-medium wp-image-248315 alignleft\" src=\"http:\/\/107.6.182.27\/es\/wp-content\/uploads\/2022\/08\/Shoigu-Abbas-1-300x167.jpg\" alt=\"\" width=\"300\" height=\"167\" srcset=\"https:\/\/archive.sana.sy\/es\/wp-content\/uploads\/2022\/08\/Shoigu-Abbas-1-300x167.jpg 300w, https:\/\/archive.sana.sy\/es\/wp-content\/uploads\/2022\/08\/Shoigu-Abbas-1-150x83.jpg 150w, https:\/\/archive.sana.sy\/es\/wp-content\/uploads\/2022\/08\/Shoigu-Abbas-1.jpg 660w\" sizes=\"(max-width: 300px) 100vw, 300px\" \/><\/a><\/p>\n<p style=\"text-align: justify\">Juntos, hemos logrado la victoria sobre el terrorismo internacional, algo que no fue logrado por otras alianzas occidentales lideradas por EE.UU, dijo el titular.<\/p>\n<p style=\"text-align: justify\">Indic\u00f3 que los acontecimientos en Siria son de especial importancia para Rusia, as\u00ed como el proceso de reconstrucci\u00f3n en la misma.<\/p>\n<p style=\"text-align: justify\">Por su parte, el general Abbas dijo que Siria apoya firmemente a los amigos rusos tal como ellos nos apoyaron en los momentos dif\u00edciles.<\/p>\n<p style=\"text-align: justify\">Los dos ministros destacaron la importancia de seguir fortaleciendo la cooperaci\u00f3n entre Siria y Rusia en la lucha contra el terrorismo internacional y aumentar la cooperaci\u00f3n en todos los campos.<\/p>\n<p style=\"text-align: justify\">fm\/la<\/p>\n","protected":false},"excerpt":{"rendered":"<p>Mosc\u00fa, 16 ago (SANA) El ministro de Defensa de Rusia, Sergei Shoig\u00fa, reiter\u00f3 la firme postura de su pa\u00eds de apoyo al pueblo sirio y destac\u00f3 la s\u00f3lida amistad entre Rusia y Siria. Durante su recibimiento en Mosc\u00fa a su hom\u00f3logo sirio el teniente general Ali Mahmoud Abbas, al margen de la D\u00e9cima Conferencia de &hellip;<\/p>\n","protected":false},"author":24,"featured_media":248346,"comment_status":"closed","ping_status":"closed","sticky":false,"template":"","format":"standard","meta":{"footnotes":""},"categories":[447,597,20724,467,583],"tags":[],"class_list":["post-248310","post","type-post","status-publish","format-standard","has-post-thumbnail","","category-local-politica","category-cinta-de-noticias","category-minuto-a-minuto","category-siria-y-el-mundo","category-slide"],"_links":{"self":[{"href":"https:\/\/archive.sana.sy\/es\/index.php?rest_route=\/wp\/v2\/posts\/248310"}],"collection":[{"href":"https:\/\/archive.sana.sy\/es\/index.php?rest_route=\/wp\/v2\/posts"}],"about":[{"href":"https:\/\/archive.sana.sy\/es\/index.php?rest_route=\/wp\/v2\/types\/post"}],"author":[{"embeddable":true,"href":"https:\/\/archive.sana.sy\/es\/index.php?rest_route=\/wp\/v2\/users\/24"}],"replies":[{"embeddable":true,"href":"https:\/\/archive.sana.sy\/es\/index.php?rest_route=%2Fwp%2Fv2%2Fcomments&post=248310"}],"version-history":[{"count":0,"href":"https:\/\/archive.sana.sy\/es\/index.php?rest_route=\/wp\/v2\/posts\/248310\/revisions"}],"wp:featuredmedia":[{"embeddable":true,"href":"https:\/\/archive.sana.sy\/es\/index.php?rest_route=\/wp\/v2\/media\/248346"}],"wp:attachment":[{"href":"https:\/\/archive.sana.sy\/es\/index.php?rest_route=%2Fwp%2Fv2%2Fmedia&parent=248310"}],"wp:term":[{"taxonomy":"category","embeddable":true,"href":"https:\/\/archive.sana.sy\/es\/index.php?rest_route=%2Fwp%2Fv2%2Fcategories&post=248310"},{"taxonomy":"post_tag","embeddable":true,"href":"https:\/\/archive.sana.sy\/es\/index.php?rest_route=%2Fwp%2Fv2%2Ftags&post=248310"}],"curies":[{"name":"wp","href":"https:\/\/api.w.org\/{rel}","templated":true}]}}