{"id":24835,"date":"2015-06-10T19:54:25","date_gmt":"2015-06-10T16:54:25","guid":{"rendered":"http:\/\/sana.sy\/es\/?p=24835"},"modified":"2015-06-10T19:54:25","modified_gmt":"2015-06-10T16:54:25","slug":"el-ministro-del-interior-examina-con-el-embajador-de-sudafrica-las-relaciones-bilaterales","status":"publish","type":"post","link":"https:\/\/archive.sana.sy\/es\/?p=24835","title":{"rendered":"El Ministro del Interior examina con el Embajador de Sud\u00e1frica las relaciones bilaterales"},"content":{"rendered":"<p style=\"text-align: justify\"><span style=\"color: #800000\">Damasco-SANA<\/span><\/p>\n<p>El Ministro del Interior el general Mohammad al-Shaar, se reuni\u00f3 el mi\u00e9rcoles con el embajador de Sud\u00e1frica en Damasco Shaun Byneveldt, para discutir las relaciones bilaterales y los medios para mejorarlos.<\/p>\n<p>Al-Shaar elogi\u00f3 la posici\u00f3n de Sud\u00e1frica con respecto a la crisis en Siria y su apoyo al pueblo sirio, sobre todo en t\u00e9rminos de su rechazo a la injerencia extranjera y de env\u00edo de terroristas de todo el mundo para combatir en Siria.<\/p>\n<p>El Ministro dijo que Siria est\u00e1 en el ojo del hurac\u00e1n del terrorismo apoyado por\u00a0 los estados regionales y occidentales encabezados por Israel y los EE.UU, afirmando que el Ej\u00e9rcito \u00c1rabe Sirio y las fuerzas de seguridad est\u00e1n cumpliendo con su deber de proteger a los sirios.<\/p>\n<p>En el mismo contexto, el titular sirio aclar\u00f3 que declaraciones de los UU.EE en respecto\u00a0 a la\u00a0 lucha contra (EI) son falsas y contradictorias debido al apoyo de\u00a0 los EE.UU a los terroristas en Siria en un intento de escalar la crisis y fragmentar la regi\u00f3n.<\/p>\n<p>Por su parte, Byneveldt confirm\u00f3\u00a0 que la posici\u00f3n de Sud\u00e1frica con respecto a la crisis en Siria es firme, subrayando la necesidad de combatir el terrorismo a trav\u00e9s de\u00a0 todos los medios disponibles.<\/p>\n<p>M.Miri, Riad.Sh<\/p>\n","protected":false},"excerpt":{"rendered":"<p>Damasco-SANA El Ministro del Interior el general Mohammad al-Shaar, se reuni\u00f3 el mi\u00e9rcoles con el embajador de Sud\u00e1frica en Damasco Shaun Byneveldt, para discutir las relaciones bilaterales y los medios para mejorarlos. Al-Shaar elogi\u00f3 la posici\u00f3n de Sud\u00e1frica con respecto a la crisis en Siria y su apoyo al pueblo sirio, sobre todo en t\u00e9rminos &hellip;<\/p>\n","protected":false},"author":1,"featured_media":24836,"comment_status":"closed","ping_status":"closed","sticky":false,"template":"","format":"standard","meta":{"footnotes":""},"categories":[477,476],"tags":[5593],"class_list":["post-24835","post","type-post","status-publish","format-standard","has-post-thumbnail","","category-noticias-edulcorantes","category-locales","tag-el-ministro-del-interior-examina-con-el-embajador-de-sudafrica-las-relaciones-bilaterales"],"_links":{"self":[{"href":"https:\/\/archive.sana.sy\/es\/index.php?rest_route=\/wp\/v2\/posts\/24835"}],"collection":[{"href":"https:\/\/archive.sana.sy\/es\/index.php?rest_route=\/wp\/v2\/posts"}],"about":[{"href":"https:\/\/archive.sana.sy\/es\/index.php?rest_route=\/wp\/v2\/types\/post"}],"author":[{"embeddable":true,"href":"https:\/\/archive.sana.sy\/es\/index.php?rest_route=\/wp\/v2\/users\/1"}],"replies":[{"embeddable":true,"href":"https:\/\/archive.sana.sy\/es\/index.php?rest_route=%2Fwp%2Fv2%2Fcomments&post=24835"}],"version-history":[{"count":0,"href":"https:\/\/archive.sana.sy\/es\/index.php?rest_route=\/wp\/v2\/posts\/24835\/revisions"}],"wp:featuredmedia":[{"embeddable":true,"href":"https:\/\/archive.sana.sy\/es\/index.php?rest_route=\/wp\/v2\/media\/24836"}],"wp:attachment":[{"href":"https:\/\/archive.sana.sy\/es\/index.php?rest_route=%2Fwp%2Fv2%2Fmedia&parent=24835"}],"wp:term":[{"taxonomy":"category","embeddable":true,"href":"https:\/\/archive.sana.sy\/es\/index.php?rest_route=%2Fwp%2Fv2%2Fcategories&post=24835"},{"taxonomy":"post_tag","embeddable":true,"href":"https:\/\/archive.sana.sy\/es\/index.php?rest_route=%2Fwp%2Fv2%2Ftags&post=24835"}],"curies":[{"name":"wp","href":"https:\/\/api.w.org\/{rel}","templated":true}]}}