{"id":248351,"date":"2022-08-16T21:10:13","date_gmt":"2022-08-16T18:10:13","guid":{"rendered":"http:\/\/107.6.182.27\/es\/?p=248351"},"modified":"2023-01-10T15:54:44","modified_gmt":"2023-01-10T13:54:44","slug":"reportan-64-violaciones-sauditas-al-alto-el-fuego-en-yemen","status":"publish","type":"post","link":"https:\/\/archive.sana.sy\/es\/?p=248351","title":{"rendered":"Reportan 64 violaciones sauditas al alto el fuego en Yemen"},"content":{"rendered":"<p style=\"text-align: justify;\"><strong><span style=\"color: #800000;\">San\u00e1, 16 ago (SANA)<\/span><\/strong> Las fuerzas de agresi\u00f3n sauditas y sus mercenarios renovaron su violaci\u00f3n del alto el fuego en la gobernaci\u00f3n de yemen\u00ed de Hodeidah, al oeste del pa\u00eds, donde cometieron 64 nuevas violaciones durante las \u00faltimas 24 horas.<\/p>\n<p style=\"text-align: justify;\">\u201cLas violaciones incluyeron el sobrevuelo de 7 aviones esp\u00eda en los cielos de la zona de Al Yabaliyah, la creaci\u00f3n de fortificaciones de combate en Al Yabaliyah y Hais , as\u00ed como el lanzamiento de misiles y proyectiles de artiller\u00eda\u201d, detall\u00f3 el canal de televisi\u00f3n yemenita de Al Masirah.<\/p>\n<p style=\"text-align: justify;\">Las fuerzas del r\u00e9gimen saud\u00ed y sus mercenarios contin\u00faan violando el acuerdo de alto el fuego en la gobernaci\u00f3n yemen\u00ed de Hodeidah, que se firm\u00f3 en 2018.<\/p>\n<p>mm<\/p>\n<p>&nbsp;<\/p>\n","protected":false},"excerpt":{"rendered":"<p>San\u00e1, 16 ago (SANA) Las fuerzas de agresi\u00f3n sauditas y sus mercenarios renovaron su violaci\u00f3n del alto el fuego en la gobernaci\u00f3n de yemen\u00ed de Hodeidah, al oeste del pa\u00eds, donde cometieron 64 nuevas violaciones durante las \u00faltimas 24 horas. \u201cLas violaciones incluyeron el sobrevuelo de 7 aviones esp\u00eda en los cielos de la zona &hellip;<\/p>\n","protected":false},"author":36,"featured_media":248352,"comment_status":"closed","ping_status":"closed","sticky":false,"template":"","format":"standard","meta":{"footnotes":""},"categories":[597,456,20724,457],"tags":[],"class_list":["post-248351","post","type-post","status-publish","format-standard","has-post-thumbnail","","category-cinta-de-noticias","category-arabe-internacional-politica","category-minuto-a-minuto","category-noticias-arabe-internacional-politica"],"_links":{"self":[{"href":"https:\/\/archive.sana.sy\/es\/index.php?rest_route=\/wp\/v2\/posts\/248351"}],"collection":[{"href":"https:\/\/archive.sana.sy\/es\/index.php?rest_route=\/wp\/v2\/posts"}],"about":[{"href":"https:\/\/archive.sana.sy\/es\/index.php?rest_route=\/wp\/v2\/types\/post"}],"author":[{"embeddable":true,"href":"https:\/\/archive.sana.sy\/es\/index.php?rest_route=\/wp\/v2\/users\/36"}],"replies":[{"embeddable":true,"href":"https:\/\/archive.sana.sy\/es\/index.php?rest_route=%2Fwp%2Fv2%2Fcomments&post=248351"}],"version-history":[{"count":0,"href":"https:\/\/archive.sana.sy\/es\/index.php?rest_route=\/wp\/v2\/posts\/248351\/revisions"}],"wp:featuredmedia":[{"embeddable":true,"href":"https:\/\/archive.sana.sy\/es\/index.php?rest_route=\/wp\/v2\/media\/248352"}],"wp:attachment":[{"href":"https:\/\/archive.sana.sy\/es\/index.php?rest_route=%2Fwp%2Fv2%2Fmedia&parent=248351"}],"wp:term":[{"taxonomy":"category","embeddable":true,"href":"https:\/\/archive.sana.sy\/es\/index.php?rest_route=%2Fwp%2Fv2%2Fcategories&post=248351"},{"taxonomy":"post_tag","embeddable":true,"href":"https:\/\/archive.sana.sy\/es\/index.php?rest_route=%2Fwp%2Fv2%2Ftags&post=248351"}],"curies":[{"name":"wp","href":"https:\/\/api.w.org\/{rel}","templated":true}]}}