{"id":248364,"date":"2022-08-16T22:30:10","date_gmt":"2022-08-16T19:30:10","guid":{"rendered":"http:\/\/107.6.182.27\/es\/?p=248364"},"modified":"2022-08-16T22:33:11","modified_gmt":"2022-08-16T19:33:11","slug":"mueren-tres-militares-sirios-por-bombardeo-de-aviones-de-combate-turcos-y-las-fuerzas-armadas-sirias-responden","status":"publish","type":"post","link":"https:\/\/archive.sana.sy\/es\/?p=248364","title":{"rendered":"Mueren tres militares sirios por bombardeo de aviones de combate turcos y las fuerzas armadas sirias responden"},"content":{"rendered":"<p><span style=\"color: #800000;\"><strong>Damasco, 16 ago (SANA)<\/strong> <\/span><span style=\"text-align: justify;\">Una fuente militar siria inform\u00f3 hoy que \u201caviones de combate turcos atacaron algunos puntos militares del ej\u00e9rcito sirio en el campo de Alepo entre las 14:37 PM a 15:00 PM causando la muerte de tres soldados e hiriendo a otros seis\u201d.<\/span><\/p>\n<p style=\"text-align: justify;\">\u201cEsta agresi\u00f3n forma parte del continuo apoyo del r\u00e9gimen turco a los grupos terroristas armados, y nuestras fuerzas armadas respondieron a esta agresi\u00f3n atacando sus posiciones y destruyendo algunos de ellos, adem\u00e1s de infligirle p\u00e9rdidas humanas y materiales\u201d, agreg\u00f3 la fuente.<\/p>\n<p style=\"text-align: justify;\">Asimismo, las Fuerzas Armadas atacaron sitios de los grupos terroristas y destruyeron algunos de sus puntos y centros de entrenamiento.<\/p>\n<p style=\"text-align: justify;\">\u201cAfirmamos que cualquier ataque contra nuestras fuerzas armadas ser\u00e1 respondido directa e inmediatamente en todos los frentes\u201d, concluy\u00f3 la fuente.<\/p>\n<p>&nbsp;<\/p>\n<p>mm\/fm<\/p>\n","protected":false},"excerpt":{"rendered":"<p>Damasco, 16 ago (SANA) Una fuente militar siria inform\u00f3 hoy que \u201caviones de combate turcos atacaron algunos puntos militares del ej\u00e9rcito sirio en el campo de Alepo entre las 14:37 PM a 15:00 PM causando la muerte de tres soldados e hiriendo a otros seis\u201d. \u201cEsta agresi\u00f3n forma parte del continuo apoyo del r\u00e9gimen turco &hellip;<\/p>\n","protected":false},"author":36,"featured_media":248365,"comment_status":"closed","ping_status":"closed","sticky":false,"template":"","format":"standard","meta":{"footnotes":""},"categories":[477,597,573,20724,476,583],"tags":[],"class_list":["post-248364","post","type-post","status-publish","format-standard","has-post-thumbnail","","category-noticias-edulcorantes","category-cinta-de-noticias","category-la-realidad-de-los-acontecimientos-en-siria","category-minuto-a-minuto","category-locales","category-slide"],"_links":{"self":[{"href":"https:\/\/archive.sana.sy\/es\/index.php?rest_route=\/wp\/v2\/posts\/248364"}],"collection":[{"href":"https:\/\/archive.sana.sy\/es\/index.php?rest_route=\/wp\/v2\/posts"}],"about":[{"href":"https:\/\/archive.sana.sy\/es\/index.php?rest_route=\/wp\/v2\/types\/post"}],"author":[{"embeddable":true,"href":"https:\/\/archive.sana.sy\/es\/index.php?rest_route=\/wp\/v2\/users\/36"}],"replies":[{"embeddable":true,"href":"https:\/\/archive.sana.sy\/es\/index.php?rest_route=%2Fwp%2Fv2%2Fcomments&post=248364"}],"version-history":[{"count":0,"href":"https:\/\/archive.sana.sy\/es\/index.php?rest_route=\/wp\/v2\/posts\/248364\/revisions"}],"wp:featuredmedia":[{"embeddable":true,"href":"https:\/\/archive.sana.sy\/es\/index.php?rest_route=\/wp\/v2\/media\/248365"}],"wp:attachment":[{"href":"https:\/\/archive.sana.sy\/es\/index.php?rest_route=%2Fwp%2Fv2%2Fmedia&parent=248364"}],"wp:term":[{"taxonomy":"category","embeddable":true,"href":"https:\/\/archive.sana.sy\/es\/index.php?rest_route=%2Fwp%2Fv2%2Fcategories&post=248364"},{"taxonomy":"post_tag","embeddable":true,"href":"https:\/\/archive.sana.sy\/es\/index.php?rest_route=%2Fwp%2Fv2%2Ftags&post=248364"}],"curies":[{"name":"wp","href":"https:\/\/api.w.org\/{rel}","templated":true}]}}