{"id":248371,"date":"2022-08-17T05:55:42","date_gmt":"2022-08-17T02:55:42","guid":{"rendered":"http:\/\/107.6.182.27\/es\/?p=248371"},"modified":"2022-08-17T05:55:42","modified_gmt":"2022-08-17T02:55:42","slug":"el-ocupante-israeli-violo-deliberadamente-la-linea-de-separacion-en-el-golan-sirio-ocupado","status":"publish","type":"post","link":"https:\/\/archive.sana.sy\/es\/?p=248371","title":{"rendered":"El ocupante israel\u00ed viol\u00f3 deliberadamente la l\u00ednea de separaci\u00f3n en el Gol\u00e1n sirio ocupado"},"content":{"rendered":"<p>&nbsp;<\/p>\n<p>Mosc\u00fa, 17 ago (SANA)\u00a0 El Ministerio de Defensa ruso anunci\u00f3 que el enemigo israel\u00ed viol\u00f3 deliberadamente la l\u00ednea de separaci\u00f3n en el Gol\u00e1n sirio ocupado.<\/p>\n<p>El subjefe del Centro de Coordinaci\u00f3n de Rusia en la base rusa de Hemeimim, Oleg Egorov, declar\u00f3 que las fuerzas israel\u00edes &#8220;violaron deliberadamente la l\u00ednea de demarcaci\u00f3n a la que no tienen derecho a cruzar en virtud de la Resoluci\u00f3n del Consejo de Seguridad No. 350 del 31 de mayo de 1974&#8221;.<\/p>\n<p>\u201cEl lunes pasado, un tanque de guerra israel\u00ed se movi\u00f3 desde el monte de Tel al-Furs hacia el \u00e1rea de Al-Sabah y luego se movi\u00f3 hacia Ain Aisha, donde se detuvo durante 10 minutos, apuntando su ca\u00f1\u00f3n a las posiciones del Ej\u00e9rcito \u00c1rabe Sirio detr\u00e1s de la l\u00ednea \u201cBravo\u201d, y luego abandon\u00f3 el lugar\u201d, detall\u00f3 el oficial.<\/p>\n<p>El d\u00eda 12 de este mes, dos civiles resultaron heridos por ataque del ocupante israel\u00ed con dos proyectiles de tanques en las inmediaciones de la aldea de Al-Hamidiya en el norte de Quneitra.<\/p>\n<p>&nbsp;<\/p>\n","protected":false},"excerpt":{"rendered":"<p>&nbsp; Mosc\u00fa, 17 ago (SANA)\u00a0 El Ministerio de Defensa ruso anunci\u00f3 que el enemigo israel\u00ed viol\u00f3 deliberadamente la l\u00ednea de separaci\u00f3n en el Gol\u00e1n sirio ocupado. El subjefe del Centro de Coordinaci\u00f3n de Rusia en la base rusa de Hemeimim, Oleg Egorov, declar\u00f3 que las fuerzas israel\u00edes &#8220;violaron deliberadamente la l\u00ednea de demarcaci\u00f3n a la &hellip;<\/p>\n","protected":false},"author":34,"featured_media":248372,"comment_status":"closed","ping_status":"closed","sticky":false,"template":"","format":"standard","meta":{"footnotes":""},"categories":[477,447,597,573,20724,476,583,7541],"tags":[],"class_list":["post-248371","post","type-post","status-publish","format-standard","has-post-thumbnail","","category-noticias-edulcorantes","category-local-politica","category-cinta-de-noticias","category-la-realidad-de-los-acontecimientos-en-siria","category-minuto-a-minuto","category-locales","category-slide","category-ultimas-noticias"],"_links":{"self":[{"href":"https:\/\/archive.sana.sy\/es\/index.php?rest_route=\/wp\/v2\/posts\/248371"}],"collection":[{"href":"https:\/\/archive.sana.sy\/es\/index.php?rest_route=\/wp\/v2\/posts"}],"about":[{"href":"https:\/\/archive.sana.sy\/es\/index.php?rest_route=\/wp\/v2\/types\/post"}],"author":[{"embeddable":true,"href":"https:\/\/archive.sana.sy\/es\/index.php?rest_route=\/wp\/v2\/users\/34"}],"replies":[{"embeddable":true,"href":"https:\/\/archive.sana.sy\/es\/index.php?rest_route=%2Fwp%2Fv2%2Fcomments&post=248371"}],"version-history":[{"count":0,"href":"https:\/\/archive.sana.sy\/es\/index.php?rest_route=\/wp\/v2\/posts\/248371\/revisions"}],"wp:featuredmedia":[{"embeddable":true,"href":"https:\/\/archive.sana.sy\/es\/index.php?rest_route=\/wp\/v2\/media\/248372"}],"wp:attachment":[{"href":"https:\/\/archive.sana.sy\/es\/index.php?rest_route=%2Fwp%2Fv2%2Fmedia&parent=248371"}],"wp:term":[{"taxonomy":"category","embeddable":true,"href":"https:\/\/archive.sana.sy\/es\/index.php?rest_route=%2Fwp%2Fv2%2Fcategories&post=248371"},{"taxonomy":"post_tag","embeddable":true,"href":"https:\/\/archive.sana.sy\/es\/index.php?rest_route=%2Fwp%2Fv2%2Ftags&post=248371"}],"curies":[{"name":"wp","href":"https:\/\/api.w.org\/{rel}","templated":true}]}}