{"id":24841,"date":"2015-06-10T21:31:48","date_gmt":"2015-06-10T18:31:48","guid":{"rendered":"http:\/\/sana.sy\/es\/?p=24841"},"modified":"2015-06-10T21:31:48","modified_gmt":"2015-06-10T18:31:48","slug":"ataques-terroristas-en-diferentes-zonas-de-irak-dejan-28-muertos","status":"publish","type":"post","link":"https:\/\/archive.sana.sy\/es\/?p=24841","title":{"rendered":"Ataques terroristas en diferentes zonas de Irak dejan 28 muertos"},"content":{"rendered":"<p style=\"text-align: justify\"><span style=\"color: #800000\">Bagdad-SANA<\/span><\/p>\n<p>Al menos 28 personas perdieron la vida el martes en ataques terroristas en diferentes zonas\u00a0 de Irak, 20 de los cuales\u00a0 en la capital, Bagdad.<\/p>\n<p>El atentado m\u00e1s mort\u00edfero en Bagdad tuvo lugar en la calle Palestina (este), donde nueve personas murieron\u00a0 al explotar un coche bomba cerca de un restaurante.<\/p>\n<p>Otras 8 personas fallecieron en la ciudad de Amiriyat al-Faluya, en la provincia occidental de Al-Anbar, en un ataque perpetrado por el grupo terrorista EI (Daesh) contra una oficina gubernamental. Asimismo, otras 17 personas resultaron heridas, incluido el presidente del consejo de Amiriyat al-Faluya.<\/p>\n<p>Mientras el EI sigue cometiendo temerosos atentados terroristas contra el pueblo iraqu\u00ed, el Ej\u00e9rcito de este pa\u00eds gana terreno ante los takfir\u00edes.<\/p>\n<p>M.Miri<\/p>\n","protected":false},"excerpt":{"rendered":"<p>Bagdad-SANA Al menos 28 personas perdieron la vida el martes en ataques terroristas en diferentes zonas\u00a0 de Irak, 20 de los cuales\u00a0 en la capital, Bagdad. El atentado m\u00e1s mort\u00edfero en Bagdad tuvo lugar en la calle Palestina (este), donde nueve personas murieron\u00a0 al explotar un coche bomba cerca de un restaurante. Otras 8 personas &hellip;<\/p>\n","protected":false},"author":1,"featured_media":23300,"comment_status":"closed","ping_status":"closed","sticky":false,"template":"","format":"standard","meta":{"footnotes":""},"categories":[456,457,576],"tags":[5595],"class_list":["post-24841","post","type-post","status-publish","format-standard","has-post-thumbnail","","category-arabe-internacional-politica","category-noticias-arabe-internacional-politica","category-noticias-politicas","tag-ataques-terroristas-en-diferentes-zonas-de-irak-dejan-28-muertos"],"_links":{"self":[{"href":"https:\/\/archive.sana.sy\/es\/index.php?rest_route=\/wp\/v2\/posts\/24841"}],"collection":[{"href":"https:\/\/archive.sana.sy\/es\/index.php?rest_route=\/wp\/v2\/posts"}],"about":[{"href":"https:\/\/archive.sana.sy\/es\/index.php?rest_route=\/wp\/v2\/types\/post"}],"author":[{"embeddable":true,"href":"https:\/\/archive.sana.sy\/es\/index.php?rest_route=\/wp\/v2\/users\/1"}],"replies":[{"embeddable":true,"href":"https:\/\/archive.sana.sy\/es\/index.php?rest_route=%2Fwp%2Fv2%2Fcomments&post=24841"}],"version-history":[{"count":0,"href":"https:\/\/archive.sana.sy\/es\/index.php?rest_route=\/wp\/v2\/posts\/24841\/revisions"}],"wp:featuredmedia":[{"embeddable":true,"href":"https:\/\/archive.sana.sy\/es\/index.php?rest_route=\/wp\/v2\/media\/23300"}],"wp:attachment":[{"href":"https:\/\/archive.sana.sy\/es\/index.php?rest_route=%2Fwp%2Fv2%2Fmedia&parent=24841"}],"wp:term":[{"taxonomy":"category","embeddable":true,"href":"https:\/\/archive.sana.sy\/es\/index.php?rest_route=%2Fwp%2Fv2%2Fcategories&post=24841"},{"taxonomy":"post_tag","embeddable":true,"href":"https:\/\/archive.sana.sy\/es\/index.php?rest_route=%2Fwp%2Fv2%2Ftags&post=24841"}],"curies":[{"name":"wp","href":"https:\/\/api.w.org\/{rel}","templated":true}]}}