{"id":248442,"date":"2022-08-17T15:15:21","date_gmt":"2022-08-17T12:15:21","guid":{"rendered":"http:\/\/107.6.182.27\/es\/?p=248442"},"modified":"2022-08-17T16:05:45","modified_gmt":"2022-08-17T13:05:45","slug":"comenzo-el-cambio-en-colombia","status":"publish","type":"post","link":"https:\/\/archive.sana.sy\/es\/?p=248442","title":{"rendered":"Comenz\u00f3 el cambio en Colombia"},"content":{"rendered":"<blockquote>\n<p style=\"text-align: justify\"><span style=\"color: #800000\"><em>Tal como prometieron, desde el primer d\u00eda de trabajo gubernamental comenzaron los cambios en esta nueva etapa de la historia de Colombia.<\/em><\/span><\/p>\n<p style=\"text-align: justify\"><span style=\"color: #800000\"><em>En menos de una semana, las nuevas autoridades pusieron en pr\u00e1ctica una agenda internacional que, sin dudas, genera la confianza del pueblo.<\/em><\/span><\/p>\n<\/blockquote>\n<p style=\"text-align: justify\"><span style=\"color: #800000\"><strong>Damasco, 17 ago (SANA)<\/strong> <\/span>El 7 de agosto, ante m\u00e1s de 100 mil personas Gustavo Petro y Francia M\u00e1rquez asumieron el cargo de presidente y vicepresidenta de Colombia, respectivamente, sobre el compromiso de un cambio para el pa\u00eds y una semana despu\u00e9s las promesas son un hecho.<\/p>\n<p>Tal como prometieron, desde el primer d\u00eda de trabajo gubernamental comenzaron los cambios en esta nueva etapa de la historia de Colombia.<\/p>\n<p style=\"text-align: justify\">En menos de una semana, las nuevas autoridades pusieron en pr\u00e1ctica una agenda internacional que, sin dudas, genera la confianza del pueblo.<\/p>\n<p style=\"text-align: justify\">Petro nombr\u00f3 a Amando Benedetti como su embajador en Venezuela, luego de la designaci\u00f3n de F\u00e9lix Plasencia, por Nicol\u00e1s Maduro, como jefe de la diplomacia de Caracas en Bogot\u00e1, la frontera com\u00fan abri\u00f3 y comenz\u00f3 el tr\u00e1fico de personas, uno de los hechos m\u00e1s esperados ante los hist\u00f3ricos lazos de hermandad de estos dos pa\u00edses.<\/p>\n<p style=\"text-align: justify\">El nuevo gobernante dijo que Benedetti tendr\u00e1 la ardua tarea de normalizar las relaciones entre los dos pa\u00edses y tambi\u00e9n de restablecer la institucionalidad que exist\u00eda d\u00e9cadas antes para que los dos pueblos hermanos puedan guarecer sus derechos, garantizar libertades, y lograr que entre Colombia y Venezuela puedan construir riquezas para ambos pueblos.<\/p>\n<p style=\"text-align: justify\">Asimismo, el gobierno de Colombia reafirm\u00f3 la vigencia del Comunicado Conjunto suscrito con la Rep\u00fablica \u00c1rabe Saharaui Democr\u00e1tica el 27 de febrero de 1985, cuando establecieron relaciones diplom\u00e1ticas.<\/p>\n<p style=\"text-align: justify\">Dichos v\u00ednculos estaban \u00abcongelados\u00bb desde el 2000 por decisi\u00f3n del gobierno colombiano, pero las nuevas autoridades, encabezadas por el presidente Petro, los reactivaron en virtud del citado comunicado.<\/p>\n<p style=\"text-align: justify\">De igual forma la senadora Gloria Fl\u00f3rez, de la comisi\u00f3n del Congreso que atiende asuntos internacionales, tuvo un encuentro con el embajador de Palestina en Colombia, Raouf Almalki, a quien le reiter\u00f3 solidaridad con su pueblo, el reconocimiento de la autonom\u00eda y la necesidad de consolidar una agenda en beneficio de los dos pa\u00edses.<\/p>\n<p style=\"text-align: justify\">En el seno del Congreso, m\u00e1s de 70 legisladores de todas las bancadas renovaron, con la presencia del ministro cubano de Relaciones Exteriores, Bruno Rodr\u00edguez, el embajador de La Habana en Bogot\u00e1, Javier Caama\u00f1o, y autoridades de la canciller\u00eda de la isla, el nuevo Grupo de Amistad Parlamentario Colombia-Cuba.<\/p>\n<p style=\"text-align: justify\"><strong><span style=\"color: #0000ff\">LA PAZ<\/span><\/strong><\/p>\n<p style=\"text-align: justify\">Gustavo Petro asegur\u00f3 en la campa\u00f1a electoral, que su gobierno buscar\u00eda la paz total, y en virtud de ese compromiso, convertido en pol\u00edtica, envi\u00f3 una delegaci\u00f3n a Cuba para contactar a los dirigentes del Ej\u00e9rcito de Liberaci\u00f3n Nacional (ELN) con miras al inicio de un proceso de di\u00e1logos.<\/p>\n<p style=\"text-align: justify\">Cuatro d\u00edas despu\u00e9s de su investidura presidencial, la comisi\u00f3n encabezada por el canciller \u00c1lvaro Leyva, el alto comisionado para la Paz Danilo Rueda, y el senador Iv\u00e1n Cepeda, lleg\u00f3 a Cuba donde se reunieron con la dirigencia del ELN.<\/p>\n<p style=\"text-align: justify\">Reconocieron, como gobierno, la legitimidad de la delegaci\u00f3n de di\u00e1logos de esa fuerza guerrillera en la b\u00fasqueda de la paz.<\/p>\n<p style=\"text-align: justify\">\u00abEn consecuencia, el Gobierno adoptar\u00e1 todas las medidas pol\u00edticas y jur\u00eddicas en el marco del derecho interno y el derecho internacional, para garantizar las condiciones que permitan el reinicio de las conversaciones con el ELN, incluido el reconocimiento de los Protocolos\u00bb, manifest\u00f3 Rueda.<\/p>\n<p style=\"text-align: justify\">En Cuba fueron recibidos por el presidente, Miguel D\u00edaz-Canel, y el canciller de la Isla, quienes ratificaron el apoyo a la paz en Colombia.<\/p>\n<p style=\"text-align: justify\">Estuvieron presentes en el trascendental encuentro Carlos Ruiz Massieu, representante especial del Secretario General de Naciones Unidas en Colombia; Jon Otto Brodholt, enviado especial del Reino de Noruega, pa\u00eds garante de estos di\u00e1logos, y monse\u00f1or H\u00e9ctor Fabio Henao, delegado de la Iglesia Cat\u00f3lica.<\/p>\n<p style=\"text-align: justify\">El canciller de Colombia, \u00c1lvaro Leyva, agradeci\u00f3 a Cuba por su hospitalidad y la nueva acogida a los prop\u00f3sitos de reconciliaci\u00f3n que hoy y siempre los acompa\u00f1ar\u00e1n.<\/p>\n<p style=\"text-align: justify\">Destac\u00f3 que, desde hace m\u00e1s de 40 a\u00f1os, desde la d\u00e9cada de 1980, de manera ininterrumpida Cuba acogi\u00f3 en su territorio a delegados de los gobiernos colombianos que han pretendido alcanzar la paz con grupos alzados en armas, tambi\u00e9n recibidos en esa tierra con igual prop\u00f3sito.<\/p>\n<p style=\"text-align: justify\">Cuba fue cuna del Acuerdo Final de Paz de 2016 entre el Estado colombiano y las Fuerzas Armadas Revolucionarias de Colombia-Ej\u00e9rcito del Pueblo, que result\u00f3 considerado un ejemplo para el mundo entero, expres\u00f3.<\/p>\n<p style=\"text-align: justify\">\u201cSe le puso de presente al se\u00f1or canciller Bruno Rodr\u00edguez que Colombia rechaza la calificaci\u00f3n de patrocinadora de terrorismo con la que se pretende desconocer su compromiso con la paz de Colombia y el mundo\u201d, manifest\u00f3 Leyva.<\/p>\n<p style=\"text-align: justify\">El ministro explic\u00f3 que estaban en Cuba, \u201cprecisamente por todo lo contrario\u201d.<\/p>\n<p style=\"text-align: justify\">Aspiramos a reanudar los di\u00e1logos con el ELN en esta tierra de paz a fin de iniciar el camino propuesto por el presidente Petro Urrego de alcanzar la paz total. Gracias Rep\u00fablica de Cuba por su hospitalidad. Nos enaltece estar ac\u00e1, expres\u00f3.<\/p>\n<p style=\"text-align: justify\"><strong><span style=\"color: #0000ff\">PROYECTOS DE LEY<\/span><\/strong><\/p>\n<p style=\"text-align: justify\">En la primera semana del nuevo gobierno de fuerzas alternativas y de izquierda en Colombia, el Congreso radic\u00f3 dos proyectos de ley que tambi\u00e9n guardan relaci\u00f3n con las propuestas para el cambio en Colombia.<\/p>\n<p style=\"text-align: justify\">La propuesta de reforma tributaria demanda en esencia que las personas y empresas de mayores entradas econ\u00f3micas tributen m\u00e1s al erario p\u00fablico, y por otro lado para prohibir el fracking en Colombia ante los riesgos al medio ambiente que genera esa pr\u00e1ctica.<\/p>\n<p style=\"text-align: justify\">Horas despu\u00e9s de la toma de posesi\u00f3n, el ministro de Hacienda de Colombia, Jos\u00e9 Antonio Ocampo, present\u00f3 un proyecto de ley de reforma tributaria con el fin de recaudar recursos para reducir la deuda social.<\/p>\n<p style=\"text-align: justify\">\u00abEl Estado colombiano tiene una deuda social hist\u00f3rica. Los niveles de pobreza y desigualdad son altos y persistentes. El hambre se convirti\u00f3 en un aspecto que resalta en medio de la tragedia social que viven millones de colombianos, subray\u00f3.<\/p>\n<p style=\"text-align: justify\">Seg\u00fan la propuesta, \u201cno hay justicia social cuando esto ocurre, y menos cuando simult\u00e1neamente existen privilegios, gabelas tributarias injustificadas y mecanismos que facilitan la evasi\u00f3n y la elusi\u00f3n de las obligaciones fiscales\u00bb.<\/p>\n<p style=\"text-align: justify\">El texto se\u00f1ala que este proyecto de reforma tributaria tiene como objeto avanzar fundamentalmente en dos dimensiones.<\/p>\n<p style=\"text-align: justify\">Primero, en disminuir las exenciones inequitativas de las que gozan las personas naturales de m\u00e1s altos ingresos y algunas empresas, as\u00ed como cerrar caminos para la evasi\u00f3n y la elusi\u00f3n tributaria.<\/p>\n<p style=\"text-align: justify\">Segundo, en lograr la consecuci\u00f3n suficiente de recursos para financiar el fortalecimiento del sistema de protecci\u00f3n social. Lo anterior se alcanza a trav\u00e9s de ajustes al sistema tributario, que permiten avanzar en materia de progresividad, equidad, justicia, simplicidad y eficiencia.<\/p>\n<p style=\"text-align: justify\">\u00abEsta reforma que estamos proponiendo genera 25 billones de pesos anuales (alrededor de cinco mil 795 millones de d\u00f3lares), pero esperamos que con la lucha contra la elusi\u00f3n y la evasi\u00f3n tributaria ese monto se eleve hasta alcanzar 50 billones de pesos anuales (unos 11 mil 590 millones de d\u00f3lares), que es lo que se habl\u00f3 a lo largo de la campa\u00f1a presidencial\u00bb, asegur\u00f3 Ocampo.<\/p>\n<p style=\"text-align: justify\">De aprobarse la iniciativa, los 25 billones de pesos equivaldr\u00edan al 1,72 por ciento del producto interno bruto (PIB) en 2023.<\/p>\n<p style=\"text-align: justify\">El proyecto de reforma presentado al Congreso, cuya mayor\u00eda es favorable al presidente Gustavo Petro, se centra en reducir sustancialmente las exenciones que existen en el r\u00e9gimen del impuesto de renta de personas naturales, y que benefician fundamentalmente a los contribuyentes de m\u00e1s altos ingresos.<\/p>\n<p style=\"text-align: justify\">Tambi\u00e9n contempla un tratamiento m\u00e1s equitativo entre los distintos tipos de rentas l\u00edquidas, en aras de lograr una mayor simplicidad del sistema, as\u00ed como el establecimiento de un impuesto al patrimonio de la poblaci\u00f3n m\u00e1s privilegiada.<\/p>\n<p style=\"text-align: justify\">Una propuesta distinta a la presentada por el gobierno del expresidente Iv\u00e1n Duque en 2021, que gener\u00f3 el estallido social m\u00e1s grande los \u00faltimos 70 a\u00f1os en esta naci\u00f3n, porque aquella aumentaba los impuestos a la poblaci\u00f3n.<\/p>\n<p style=\"text-align: justify\">Por otra parte Petro, desde su campa\u00f1a electoral abog\u00f3 por la transici\u00f3n en el pa\u00eds hacia energ\u00edas libres. Incluso, en ese sentido hizo un llamado a Latinoam\u00e9rica para una integraci\u00f3n m\u00e1s efectiva, en particular en este tema a fin de contrarrestar el cambio clim\u00e1tico de manera unida en la regi\u00f3n.<\/p>\n<p style=\"text-align: justify\">La presentaci\u00f3n de todas estas propuestas, entre otras radicadas por el partido Comunes para transitar a la paz, ocurri\u00f3 mientras el propio presidente del Congreso, Roy Barrera, abr\u00eda al pueblo los espacios p\u00fablicos de ese ente del Estado y de la plazoleta N\u00fa\u00f1ez que une la sede de este \u00f3rgano y la Casa de Nari\u00f1o (presidencia).<\/p>\n<p style=\"text-align: justify\">Fuente: Prensa Latina<\/p>\n<p style=\"text-align: justify\">\n","protected":false},"excerpt":{"rendered":"<p>Tal como prometieron, desde el primer d\u00eda de trabajo gubernamental comenzaron los cambios en esta nueva etapa de la historia de Colombia. En menos de una semana, las nuevas autoridades pusieron en pr\u00e1ctica una agenda internacional que, sin dudas, genera la confianza del pueblo. Damasco, 17 ago (SANA) El 7 de agosto, ante m\u00e1s de &hellip;<\/p>\n","protected":false},"author":24,"featured_media":248443,"comment_status":"closed","ping_status":"closed","sticky":false,"template":"","format":"standard","meta":{"footnotes":""},"categories":[16929,597,583],"tags":[],"class_list":["post-248442","post","type-post","status-publish","format-standard","has-post-thumbnail","","category-articulos-de-opinion","category-cinta-de-noticias","category-slide"],"_links":{"self":[{"href":"https:\/\/archive.sana.sy\/es\/index.php?rest_route=\/wp\/v2\/posts\/248442"}],"collection":[{"href":"https:\/\/archive.sana.sy\/es\/index.php?rest_route=\/wp\/v2\/posts"}],"about":[{"href":"https:\/\/archive.sana.sy\/es\/index.php?rest_route=\/wp\/v2\/types\/post"}],"author":[{"embeddable":true,"href":"https:\/\/archive.sana.sy\/es\/index.php?rest_route=\/wp\/v2\/users\/24"}],"replies":[{"embeddable":true,"href":"https:\/\/archive.sana.sy\/es\/index.php?rest_route=%2Fwp%2Fv2%2Fcomments&post=248442"}],"version-history":[{"count":0,"href":"https:\/\/archive.sana.sy\/es\/index.php?rest_route=\/wp\/v2\/posts\/248442\/revisions"}],"wp:featuredmedia":[{"embeddable":true,"href":"https:\/\/archive.sana.sy\/es\/index.php?rest_route=\/wp\/v2\/media\/248443"}],"wp:attachment":[{"href":"https:\/\/archive.sana.sy\/es\/index.php?rest_route=%2Fwp%2Fv2%2Fmedia&parent=248442"}],"wp:term":[{"taxonomy":"category","embeddable":true,"href":"https:\/\/archive.sana.sy\/es\/index.php?rest_route=%2Fwp%2Fv2%2Fcategories&post=248442"},{"taxonomy":"post_tag","embeddable":true,"href":"https:\/\/archive.sana.sy\/es\/index.php?rest_route=%2Fwp%2Fv2%2Ftags&post=248442"}],"curies":[{"name":"wp","href":"https:\/\/api.w.org\/{rel}","templated":true}]}}