{"id":24846,"date":"2015-06-10T22:43:17","date_gmt":"2015-06-10T19:43:17","guid":{"rendered":"http:\/\/sana.sy\/es\/?p=24846"},"modified":"2023-01-09T14:10:04","modified_gmt":"2023-01-09T12:10:04","slug":"13-heridos-en-un-nuevo-ataque-terrorista-contra-el-campo-de-damasco","status":"publish","type":"post","link":"https:\/\/archive.sana.sy\/es\/?p=24846","title":{"rendered":"13 heridos en un nuevo ataque terrorista contra el campo de Damasco"},"content":{"rendered":"<p style=\"text-align: justify\"><span style=\"color: #800000\">Damasco, Campo-SANA<\/span><\/p>\n<p>Terroristas atacaron hoy el mi\u00e9rcoles\u00a0 la localidad de Ashrafiyat\u00a0 Sahnayah en el rural de Damasco, causando lesiones a 13 personas la mayor\u00eda de ellos eran ni\u00f1os.<\/p>\n<p>Una fuente policial inform\u00f3 que un proyectil de mortero disparado por los terroristas impact\u00f3\u00a0 este mi\u00e9rcoles\u00a0 en un barrio residencial de la localidad\u00a0 de Ashrafiyat\u00a0 Sahnayah, dejando 13 personas heridos entre ellos 10 ni\u00f1os\u00a0 entre 1 y 10 a\u00f1os, adem\u00e1s de da\u00f1os materiales.<\/p>\n<p>Es de se\u00f1alar que la localidad de\u00a0 Ashrafiyat\u00a0 Sahnayah, se encuentra al norte de la ciudad de Daraya en el rural de la capital siria, donde a\u00fan se extienden unos grupos terroristas.<\/p>\n<p>M.Miri<\/p>\n","protected":false},"excerpt":{"rendered":"<p>Damasco, Campo-SANA Terroristas atacaron hoy el mi\u00e9rcoles\u00a0 la localidad de Ashrafiyat\u00a0 Sahnayah en el rural de Damasco, causando lesiones a 13 personas la mayor\u00eda de ellos eran ni\u00f1os. Una fuente policial inform\u00f3 que un proyectil de mortero disparado por los terroristas impact\u00f3\u00a0 este mi\u00e9rcoles\u00a0 en un barrio residencial de la localidad\u00a0 de Ashrafiyat\u00a0 Sahnayah, dejando &hellip;<\/p>\n","protected":false},"author":1,"featured_media":7593,"comment_status":"closed","ping_status":"closed","sticky":false,"template":"","format":"standard","meta":{"footnotes":""},"categories":[477,573,476],"tags":[5596],"class_list":["post-24846","post","type-post","status-publish","format-standard","has-post-thumbnail","","category-noticias-edulcorantes","category-la-realidad-de-los-acontecimientos-en-siria","category-locales","tag-13-heridos-en-un-nuevo-ataque-terrorista-contra-el-campo-de-damasco"],"_links":{"self":[{"href":"https:\/\/archive.sana.sy\/es\/index.php?rest_route=\/wp\/v2\/posts\/24846"}],"collection":[{"href":"https:\/\/archive.sana.sy\/es\/index.php?rest_route=\/wp\/v2\/posts"}],"about":[{"href":"https:\/\/archive.sana.sy\/es\/index.php?rest_route=\/wp\/v2\/types\/post"}],"author":[{"embeddable":true,"href":"https:\/\/archive.sana.sy\/es\/index.php?rest_route=\/wp\/v2\/users\/1"}],"replies":[{"embeddable":true,"href":"https:\/\/archive.sana.sy\/es\/index.php?rest_route=%2Fwp%2Fv2%2Fcomments&post=24846"}],"version-history":[{"count":0,"href":"https:\/\/archive.sana.sy\/es\/index.php?rest_route=\/wp\/v2\/posts\/24846\/revisions"}],"wp:featuredmedia":[{"embeddable":true,"href":"https:\/\/archive.sana.sy\/es\/index.php?rest_route=\/wp\/v2\/media\/7593"}],"wp:attachment":[{"href":"https:\/\/archive.sana.sy\/es\/index.php?rest_route=%2Fwp%2Fv2%2Fmedia&parent=24846"}],"wp:term":[{"taxonomy":"category","embeddable":true,"href":"https:\/\/archive.sana.sy\/es\/index.php?rest_route=%2Fwp%2Fv2%2Fcategories&post=24846"},{"taxonomy":"post_tag","embeddable":true,"href":"https:\/\/archive.sana.sy\/es\/index.php?rest_route=%2Fwp%2Fv2%2Ftags&post=24846"}],"curies":[{"name":"wp","href":"https:\/\/api.w.org\/{rel}","templated":true}]}}