{"id":248465,"date":"2022-08-17T20:26:08","date_gmt":"2022-08-17T17:26:08","guid":{"rendered":"http:\/\/107.6.182.27\/es\/?p=248465"},"modified":"2023-01-10T14:03:02","modified_gmt":"2023-01-10T12:03:02","slug":"inteligencia-irani-captura-a-un-terrorista-peligroso-que-combatio-con-los-takfiries-en-siria","status":"publish","type":"post","link":"https:\/\/archive.sana.sy\/es\/?p=248465","title":{"rendered":"Inteligencia iran\u00ed captura a un terrorista peligroso que combati\u00f3 con los takfir\u00edes en Siria"},"content":{"rendered":"<p style=\"text-align: justify\"><span style=\"color: #800000\"><strong>Teher\u00e1n, 17 ago (SANA)<\/strong> <\/span>El Ministerio de Seguridad de Ir\u00e1n anunci\u00f3 hoy el arresto de uno de los terroristas m\u00e1s peligrosos con sus actividades transfronterizas, especialmente en el territorio sirio.<\/p>\n<p style=\"text-align: justify\">La agencia de noticias IRNA cit\u00f3 al ministerio diciendo en un comunicado que el monitoreo realizado por la inteligencia iran\u00ed durante muchos a\u00f1os de los movimientos de este elemento ha revelado que el mismo llev\u00f3 a cabo varias operaciones terroristas en cuatro pa\u00edses de la regi\u00f3n sobre todo en Siria.<\/p>\n<p style=\"text-align: justify\">Precis\u00f3 que el terrorista en el punto auge de la crisis siria, se uni\u00f3 a los grupos takfir\u00edes y realiz\u00f3 atentados en las ciudades de Alepo, Hama e Idlib.<\/p>\n<p style=\"text-align: justify\">Agreg\u00f3 que el elemento, experto en armas pesadas, se vio obligado, tras las derrotas sufridas por los terroristas en Siria, a trasladar su actividad a dos pa\u00edses vecinos de la Rep\u00fablica Isl\u00e1mica de Ir\u00e1n para \u201ccontinuar sus acciones destructivas contra el pueblo iran\u00ed\u201d.<\/p>\n<p style=\"text-align: justify\">El mes pasado, el Ministerio de Seguridad iran\u00ed hab\u00eda notificado la detenci\u00f3n de 10 miembros de una c\u00e9lula terrorista afiliada a grupos separatistas en el noroeste de Ir\u00e1n.<\/p>\n<p style=\"text-align: justify\">la<\/p>\n","protected":false},"excerpt":{"rendered":"<p>Teher\u00e1n, 17 ago (SANA) El Ministerio de Seguridad de Ir\u00e1n anunci\u00f3 hoy el arresto de uno de los terroristas m\u00e1s peligrosos con sus actividades transfronterizas, especialmente en el territorio sirio. La agencia de noticias IRNA cit\u00f3 al ministerio diciendo en un comunicado que el monitoreo realizado por la inteligencia iran\u00ed durante muchos a\u00f1os de los &hellip;<\/p>\n","protected":false},"author":24,"featured_media":248466,"comment_status":"closed","ping_status":"closed","sticky":false,"template":"","format":"standard","meta":{"footnotes":""},"categories":[447,597,20724,467,7541],"tags":[],"class_list":["post-248465","post","type-post","status-publish","format-standard","has-post-thumbnail","","category-local-politica","category-cinta-de-noticias","category-minuto-a-minuto","category-siria-y-el-mundo","category-ultimas-noticias"],"_links":{"self":[{"href":"https:\/\/archive.sana.sy\/es\/index.php?rest_route=\/wp\/v2\/posts\/248465"}],"collection":[{"href":"https:\/\/archive.sana.sy\/es\/index.php?rest_route=\/wp\/v2\/posts"}],"about":[{"href":"https:\/\/archive.sana.sy\/es\/index.php?rest_route=\/wp\/v2\/types\/post"}],"author":[{"embeddable":true,"href":"https:\/\/archive.sana.sy\/es\/index.php?rest_route=\/wp\/v2\/users\/24"}],"replies":[{"embeddable":true,"href":"https:\/\/archive.sana.sy\/es\/index.php?rest_route=%2Fwp%2Fv2%2Fcomments&post=248465"}],"version-history":[{"count":0,"href":"https:\/\/archive.sana.sy\/es\/index.php?rest_route=\/wp\/v2\/posts\/248465\/revisions"}],"wp:featuredmedia":[{"embeddable":true,"href":"https:\/\/archive.sana.sy\/es\/index.php?rest_route=\/wp\/v2\/media\/248466"}],"wp:attachment":[{"href":"https:\/\/archive.sana.sy\/es\/index.php?rest_route=%2Fwp%2Fv2%2Fmedia&parent=248465"}],"wp:term":[{"taxonomy":"category","embeddable":true,"href":"https:\/\/archive.sana.sy\/es\/index.php?rest_route=%2Fwp%2Fv2%2Fcategories&post=248465"},{"taxonomy":"post_tag","embeddable":true,"href":"https:\/\/archive.sana.sy\/es\/index.php?rest_route=%2Fwp%2Fv2%2Ftags&post=248465"}],"curies":[{"name":"wp","href":"https:\/\/api.w.org\/{rel}","templated":true}]}}