{"id":248507,"date":"2022-08-18T10:36:43","date_gmt":"2022-08-18T07:36:43","guid":{"rendered":"http:\/\/107.6.182.27\/es\/?p=248507"},"modified":"2023-01-10T15:54:40","modified_gmt":"2023-01-10T13:54:40","slug":"el-minuto-a-minuto-de-la-operacion-especial-rusa-en-ucrania-24","status":"publish","type":"post","link":"https:\/\/archive.sana.sy\/es\/?p=248507","title":{"rendered":"El minuto a minuto de la operaci\u00f3n especial rusa en Ucrania"},"content":{"rendered":"<p style=\"text-align: justify;\"><span style=\"color: #800000;\"><strong>Mosc\u00fa, 18 ago (SANA)<\/strong><\/span><\/p>\n<p style=\"text-align: justify;\">\u2b55\ufe0f Pol\u00edtico eslovaco: los l\u00edderes europeos act\u00faan en favor de los intereses estadounidenses en Ucrania a expensas de sus propios pueblos.<\/p>\n<p style=\"text-align: justify;\">???????? Defensa rusa: las fuerzas ucranianas pretenden volar un puente en la ciudad de Sumy.<\/p>\n<p>???????? Defensa rusa: Ucrania planea atacar con artiller\u00eda la planta nuclear de Zaporiyia<\/p>\n<p>\u2b55\ufe0f La asistencia militar de Europa a Ucrania \u201ccae casi a cero\u201d<\/p>\n<p>???????? Rusia advierte sobre propagaci\u00f3n de radiaci\u00f3n en caso de accidente en la planta de Zaporiyia<\/p>\n<p>???????? Rusia despliega tres cazas MiG-31 con misiles hipers\u00f3nicos Kinzhal en Kaliningrado<\/p>\n<p style=\"text-align: justify;\">ed\/fm<\/p>\n","protected":false},"excerpt":{"rendered":"<p>Mosc\u00fa, 18 ago (SANA) \u2b55\ufe0f Pol\u00edtico eslovaco: los l\u00edderes europeos act\u00faan en favor de los intereses estadounidenses en Ucrania a expensas de sus propios pueblos. ???????? Defensa rusa: las fuerzas ucranianas pretenden volar un puente en la ciudad de Sumy. ???????? Defensa rusa: Ucrania planea atacar con artiller\u00eda la planta nuclear de Zaporiyia \u2b55\ufe0f La &hellip;<\/p>\n","protected":false},"author":32,"featured_media":248508,"comment_status":"closed","ping_status":"closed","sticky":false,"template":"","format":"standard","meta":{"footnotes":""},"categories":[597,456,20724,7541],"tags":[],"class_list":["post-248507","post","type-post","status-publish","format-standard","has-post-thumbnail","","category-cinta-de-noticias","category-arabe-internacional-politica","category-minuto-a-minuto","category-ultimas-noticias"],"_links":{"self":[{"href":"https:\/\/archive.sana.sy\/es\/index.php?rest_route=\/wp\/v2\/posts\/248507"}],"collection":[{"href":"https:\/\/archive.sana.sy\/es\/index.php?rest_route=\/wp\/v2\/posts"}],"about":[{"href":"https:\/\/archive.sana.sy\/es\/index.php?rest_route=\/wp\/v2\/types\/post"}],"author":[{"embeddable":true,"href":"https:\/\/archive.sana.sy\/es\/index.php?rest_route=\/wp\/v2\/users\/32"}],"replies":[{"embeddable":true,"href":"https:\/\/archive.sana.sy\/es\/index.php?rest_route=%2Fwp%2Fv2%2Fcomments&post=248507"}],"version-history":[{"count":0,"href":"https:\/\/archive.sana.sy\/es\/index.php?rest_route=\/wp\/v2\/posts\/248507\/revisions"}],"wp:featuredmedia":[{"embeddable":true,"href":"https:\/\/archive.sana.sy\/es\/index.php?rest_route=\/wp\/v2\/media\/248508"}],"wp:attachment":[{"href":"https:\/\/archive.sana.sy\/es\/index.php?rest_route=%2Fwp%2Fv2%2Fmedia&parent=248507"}],"wp:term":[{"taxonomy":"category","embeddable":true,"href":"https:\/\/archive.sana.sy\/es\/index.php?rest_route=%2Fwp%2Fv2%2Fcategories&post=248507"},{"taxonomy":"post_tag","embeddable":true,"href":"https:\/\/archive.sana.sy\/es\/index.php?rest_route=%2Fwp%2Fv2%2Ftags&post=248507"}],"curies":[{"name":"wp","href":"https:\/\/api.w.org\/{rel}","templated":true}]}}