{"id":248591,"date":"2022-08-18T14:52:10","date_gmt":"2022-08-18T11:52:10","guid":{"rendered":"http:\/\/107.6.182.27\/es\/?p=248591"},"modified":"2022-08-18T18:57:45","modified_gmt":"2022-08-18T15:57:45","slug":"el-foro-de-clanes-del-valle-del-eufrates-expresa-su-rechazo-a-las-ocupaciones-turca-y-estadounidense","status":"publish","type":"post","link":"https:\/\/archive.sana.sy\/es\/?p=248591","title":{"rendered":"El Foro de Clanes del Valle del \u00c9ufrates expresa su rechazo a los ocupantes turco y estadounidense"},"content":{"rendered":"<p><span style=\"color: #800000;\"><strong>Deir Ezzor, 18 ago (SANA)\u00a0<\/strong> <\/span>El reportero de SANA inform\u00f3 que el Foro de los Clanes del Valle del \u00c9ufrates en el campo oriental de Deir Ezzor inici\u00f3 sus sesiones expresando el rechazo a las ocupaciones turcas y estadounidenses y los esquemas separatistas, as\u00ed como abog\u00f3 por preservar la integridad territorial de Siria.<\/p>\n<p><strong>Nota en desarrollo&#8230;<\/strong><\/p>\n","protected":false},"excerpt":{"rendered":"<p>Deir Ezzor, 18 ago (SANA)\u00a0 El reportero de SANA inform\u00f3 que el Foro de los Clanes del Valle del \u00c9ufrates en el campo oriental de Deir Ezzor inici\u00f3 sus sesiones expresando el rechazo a las ocupaciones turcas y estadounidenses y los esquemas separatistas, as\u00ed como abog\u00f3 por preservar la integridad territorial de Siria. Nota en &hellip;<\/p>\n","protected":false},"author":39,"featured_media":248592,"comment_status":"closed","ping_status":"closed","sticky":false,"template":"","format":"standard","meta":{"footnotes":""},"categories":[477,597,456,573,20724,7541],"tags":[],"class_list":["post-248591","post","type-post","status-publish","format-standard","has-post-thumbnail","","category-noticias-edulcorantes","category-cinta-de-noticias","category-arabe-internacional-politica","category-la-realidad-de-los-acontecimientos-en-siria","category-minuto-a-minuto","category-ultimas-noticias"],"_links":{"self":[{"href":"https:\/\/archive.sana.sy\/es\/index.php?rest_route=\/wp\/v2\/posts\/248591"}],"collection":[{"href":"https:\/\/archive.sana.sy\/es\/index.php?rest_route=\/wp\/v2\/posts"}],"about":[{"href":"https:\/\/archive.sana.sy\/es\/index.php?rest_route=\/wp\/v2\/types\/post"}],"author":[{"embeddable":true,"href":"https:\/\/archive.sana.sy\/es\/index.php?rest_route=\/wp\/v2\/users\/39"}],"replies":[{"embeddable":true,"href":"https:\/\/archive.sana.sy\/es\/index.php?rest_route=%2Fwp%2Fv2%2Fcomments&post=248591"}],"version-history":[{"count":0,"href":"https:\/\/archive.sana.sy\/es\/index.php?rest_route=\/wp\/v2\/posts\/248591\/revisions"}],"wp:featuredmedia":[{"embeddable":true,"href":"https:\/\/archive.sana.sy\/es\/index.php?rest_route=\/wp\/v2\/media\/248592"}],"wp:attachment":[{"href":"https:\/\/archive.sana.sy\/es\/index.php?rest_route=%2Fwp%2Fv2%2Fmedia&parent=248591"}],"wp:term":[{"taxonomy":"category","embeddable":true,"href":"https:\/\/archive.sana.sy\/es\/index.php?rest_route=%2Fwp%2Fv2%2Fcategories&post=248591"},{"taxonomy":"post_tag","embeddable":true,"href":"https:\/\/archive.sana.sy\/es\/index.php?rest_route=%2Fwp%2Fv2%2Ftags&post=248591"}],"curies":[{"name":"wp","href":"https:\/\/api.w.org\/{rel}","templated":true}]}}